{"id":106404,"date":"2019-07-24T10:06:38","date_gmt":"2019-07-24T13:06:38","guid":{"rendered":"http:\/\/www.caririemacao.com\/1\/?p=106404"},"modified":"2019-07-24T10:06:38","modified_gmt":"2019-07-24T13:06:38","slug":"procuradores-comentam-denuncias-de-abandono-da-transposicao-em-monteiro","status":"publish","type":"post","link":"https:\/\/www.caririemacao.com\/1\/2019\/07\/24\/procuradores-comentam-denuncias-de-abandono-da-transposicao-em-monteiro\/","title":{"rendered":"Procuradores comentam den\u00fancias de abandono da transposi\u00e7\u00e3o em Monteiro"},"content":{"rendered":"\n<h2 class=\"wp-block-heading\"><\/h2>\n\n\n\n<div class=\"wp-block-image\"><figure class=\"aligncenter\"><img decoding=\"async\" data-src=\"http:\/\/deolhonocariri.com.br\/wp-content\/uploads\/2018\/10\/transposicao_seca.jpg\" alt=\"\" class=\"wp-image-57880 lazyload\" src=\"data:image\/svg+xml;base64,PHN2ZyB3aWR0aD0iMSIgaGVpZ2h0PSIxIiB4bWxucz0iaHR0cDovL3d3dy53My5vcmcvMjAwMC9zdmciPjwvc3ZnPg==\" \/><\/figure><\/div>\n\n\n\n<p>A procuradora da Rep\u00fablica Jana\u00edna Andrade, falou sobre as den\u00fancias de abandono das obras da transposi\u00e7\u00e3o do rio S\u00e3o Francisco pelo governo federal na cidade de Monteiro, no Cariri paraibano.<\/p>\n\n\n\n<p>Ela afirma que a obra n\u00e3o foi abandona pelo governo federal.<\/p>\n\n\n\n<p>\u2013 Nesta perspectiva da popula\u00e7\u00e3o e dos pr\u00f3prios gestores locais, que desconhecem a concep\u00e7\u00e3o do projeto da transposi\u00e7\u00e3o, pode se levar a crer que seria um abandono. Penso que n\u00e3o seria um abandono, a transposi\u00e7\u00e3o \u00e9 uma realidade embora sem efetividade. A transposi\u00e7\u00e3o no Eixo Leste tem 217 quil\u00f4metros de canais e hoje o A\u00e7ude de Po\u00e7\u00f5es que seria em tese beneficiado com a transposi\u00e7\u00e3o est\u00e1 em obras. Isso, por si s\u00f3, j\u00e1 retira um pouco dessa conclus\u00e3o de que h\u00e1 um abandono. No tocante ao canal da transposi\u00e7\u00e3o, os problemas que existem hoje existiam desde 2017, ainda quando houve a inaugura\u00e7\u00e3o \u2013 explicou.<\/p>\n\n\n\n<p>Segundo Jana\u00edna, diante das den\u00fancias o Minist\u00e9rio P\u00fablico Federal solicitou informa\u00e7\u00f5es referentes \u00e0 transposi\u00e7\u00e3o.<\/p>\n\n\n\n<p>\u2013 O Minist\u00e9rio P\u00fablico Federal, na quinta-feira passada, expediu of\u00edcios ao Minist\u00e9rio do Desenvolvimento Regional solicitando informa\u00e7\u00f5es. O minist\u00e9rio tem prazo de 10 dias \u2013 disse a procuradora.<\/p>\n\n\n\n<p>O procurador de justi\u00e7a \u00c1lvaro Gadelha tamb\u00e9m comentou as den\u00fancias. Ele acredita que n\u00e3o est\u00e1 havendo uma a\u00e7\u00e3o efetiva para manuten\u00e7\u00e3o da obra.<\/p>\n\n\n\n<p>\u2013 Na verdade, tivemos uma obra que era para consumir R$ 20 bilh\u00f5es. Com o PL 4, aprovado em 2019, foi destinado R$ 500 milh\u00f5es para conclus\u00e3o das obras. No \u00e2mbito do Eixo Norte falta 3% e no \u00e2mbito do Eixo Leste falta 2,4% para as obras serem consideradas realmente terminadas. Eu comungo plenamente com o pensamento da doutora Jana\u00edna de que dizer que h\u00e1 um abandono talvez n\u00e3o fosse uma realidade. Entretanto, dizer tamb\u00e9m que est\u00e1 havendo uma din\u00e2mica do ponto de vista governamental para manuten\u00e7\u00e3o das obras a contento n\u00e3o \u00e9 verdade \u2013 concluiu.<\/p>\n","protected":false},"excerpt":{"rendered":"<p>A procuradora da Rep\u00fablica Jana\u00edna Andrade, falou sobre as den\u00fancias de abandono das obras da transposi\u00e7\u00e3o do rio S\u00e3o Francisco pelo governo federal na cidade&hellip; <\/p>\n","protected":false},"author":1,"featured_media":106405,"comment_status":"closed","ping_status":"closed","sticky":false,"template":"","format":"standard","meta":{"sfsi_plus_gutenberg_text_before_share":"","sfsi_plus_gutenberg_show_text_before_share":"","sfsi_plus_gutenberg_icon_type":"","sfsi_plus_gutenberg_icon_alignemt":"","sfsi_plus_gutenburg_max_per_row":"","footnotes":""},"categories":[12],"tags":[],"class_list":["post-106404","post","type-post","status-publish","format-standard","has-post-thumbnail","hentry","category-policia"],"_links":{"self":[{"href":"https:\/\/www.caririemacao.com\/1\/wp-json\/wp\/v2\/posts\/106404","targetHints":{"allow":["GET"]}}],"collection":[{"href":"https:\/\/www.caririemacao.com\/1\/wp-json\/wp\/v2\/posts"}],"about":[{"href":"https:\/\/www.caririemacao.com\/1\/wp-json\/wp\/v2\/types\/post"}],"author":[{"embeddable":true,"href":"https:\/\/www.caririemacao.com\/1\/wp-json\/wp\/v2\/users\/1"}],"replies":[{"embeddable":true,"href":"https:\/\/www.caririemacao.com\/1\/wp-json\/wp\/v2\/comments?post=106404"}],"version-history":[{"count":1,"href":"https:\/\/www.caririemacao.com\/1\/wp-json\/wp\/v2\/posts\/106404\/revisions"}],"predecessor-version":[{"id":106406,"href":"https:\/\/www.caririemacao.com\/1\/wp-json\/wp\/v2\/posts\/106404\/revisions\/106406"}],"wp:featuredmedia":[{"embeddable":true,"href":"https:\/\/www.caririemacao.com\/1\/wp-json\/wp\/v2\/media\/106405"}],"wp:attachment":[{"href":"https:\/\/www.caririemacao.com\/1\/wp-json\/wp\/v2\/media?parent=106404"}],"wp:term":[{"taxonomy":"category","embeddable":true,"href":"https:\/\/www.caririemacao.com\/1\/wp-json\/wp\/v2\/categories?post=106404"},{"taxonomy":"post_tag","embeddable":true,"href":"https:\/\/www.caririemacao.com\/1\/wp-json\/wp\/v2\/tags?post=106404"}],"curies":[{"name":"wp","href":"https:\/\/api.w.org\/{rel}","templated":true}]}}