{"id":106415,"date":"2019-07-24T11:49:04","date_gmt":"2019-07-24T14:49:04","guid":{"rendered":"http:\/\/www.caririemacao.com\/1\/?p=106415"},"modified":"2019-07-24T11:51:39","modified_gmt":"2019-07-24T14:51:39","slug":"prefeitura-de-zabele-emite-nota-apos-operacao-da-policia-federal","status":"publish","type":"post","link":"https:\/\/www.caririemacao.com\/1\/2019\/07\/24\/prefeitura-de-zabele-emite-nota-apos-operacao-da-policia-federal\/","title":{"rendered":"Prefeitura de Zabel\u00ea emite Nota ap\u00f3s Opera\u00e7\u00e3o da Pol\u00edcia Federal"},"content":{"rendered":"\n<p>Na manh\u00e3 desta quarta-feira a Pol\u00edcia Federal realizou a opera\u00e7\u00e3o Famintos e Feudo na regi\u00e3o do cariri paraibano.<br>De acordo com a nota emitida pela Pol\u00edcia Federal a cidade de Zabel\u00ea foi citada como tendo sido&nbsp;&nbsp;alvo de buscas e apreens\u00f5es.&nbsp;<br>A Assessoria de comunica\u00e7\u00e3o informa que o Munic\u00edpio n\u00e3o est\u00e1 sob investiga\u00e7\u00e3o da Pol\u00edcia Federal, pois trata-se de servidor municipal de Munic\u00edpio vizinho, e que o mesmo reside na cidade de Zabel\u00ea.<br>A Prefeitura se mant\u00e9m a disposi\u00e7\u00e3o para quaisquer esclarecimentos, seja&nbsp;a popula\u00e7\u00e3o ou a imprensa.<\/p>\n","protected":false},"excerpt":{"rendered":"<p>Na manh\u00e3 desta quarta-feira a Pol\u00edcia Federal realizou a opera\u00e7\u00e3o Famintos e Feudo na regi\u00e3o do cariri paraibano.De acordo com a nota emitida pela Pol\u00edcia&hellip; <\/p>\n","protected":false},"author":1,"featured_media":106421,"comment_status":"closed","ping_status":"closed","sticky":false,"template":"","format":"standard","meta":{"sfsi_plus_gutenberg_text_before_share":"","sfsi_plus_gutenberg_show_text_before_share":"","sfsi_plus_gutenberg_icon_type":"","sfsi_plus_gutenberg_icon_alignemt":"","sfsi_plus_gutenburg_max_per_row":"","footnotes":""},"categories":[12],"tags":[],"class_list":["post-106415","post","type-post","status-publish","format-standard","has-post-thumbnail","hentry","category-policia"],"_links":{"self":[{"href":"https:\/\/www.caririemacao.com\/1\/wp-json\/wp\/v2\/posts\/106415","targetHints":{"allow":["GET"]}}],"collection":[{"href":"https:\/\/www.caririemacao.com\/1\/wp-json\/wp\/v2\/posts"}],"about":[{"href":"https:\/\/www.caririemacao.com\/1\/wp-json\/wp\/v2\/types\/post"}],"author":[{"embeddable":true,"href":"https:\/\/www.caririemacao.com\/1\/wp-json\/wp\/v2\/users\/1"}],"replies":[{"embeddable":true,"href":"https:\/\/www.caririemacao.com\/1\/wp-json\/wp\/v2\/comments?post=106415"}],"version-history":[{"count":1,"href":"https:\/\/www.caririemacao.com\/1\/wp-json\/wp\/v2\/posts\/106415\/revisions"}],"predecessor-version":[{"id":106416,"href":"https:\/\/www.caririemacao.com\/1\/wp-json\/wp\/v2\/posts\/106415\/revisions\/106416"}],"wp:featuredmedia":[{"embeddable":true,"href":"https:\/\/www.caririemacao.com\/1\/wp-json\/wp\/v2\/media\/106421"}],"wp:attachment":[{"href":"https:\/\/www.caririemacao.com\/1\/wp-json\/wp\/v2\/media?parent=106415"}],"wp:term":[{"taxonomy":"category","embeddable":true,"href":"https:\/\/www.caririemacao.com\/1\/wp-json\/wp\/v2\/categories?post=106415"},{"taxonomy":"post_tag","embeddable":true,"href":"https:\/\/www.caririemacao.com\/1\/wp-json\/wp\/v2\/tags?post=106415"}],"curies":[{"name":"wp","href":"https:\/\/api.w.org\/{rel}","templated":true}]}}