{"id":106426,"date":"2019-07-24T13:35:07","date_gmt":"2019-07-24T16:35:07","guid":{"rendered":"http:\/\/www.caririemacao.com\/1\/?p=106426"},"modified":"2019-07-24T13:37:08","modified_gmt":"2019-07-24T16:37:08","slug":"prefeitura-de-monteiro-emite-nota-esclarece-que-a-gestora-e-seus-parentes-nao-estao-envolvidos-com-operacao-e-defende-apuracao-das-denuncias","status":"publish","type":"post","link":"https:\/\/www.caririemacao.com\/1\/2019\/07\/24\/prefeitura-de-monteiro-emite-nota-esclarece-que-a-gestora-e-seus-parentes-nao-estao-envolvidos-com-operacao-e-defende-apuracao-das-denuncias\/","title":{"rendered":"Prefeitura de Monteiro emite nota, esclarece que a gestora e seus parentes n\u00e3o est\u00e3o envolvidos com opera\u00e7\u00e3o e defende apura\u00e7\u00e3o das den\u00fancias"},"content":{"rendered":"\n<div class=\"wp-block-image\"><figure class=\"aligncenter\"><img decoding=\"async\" data-src=\"http:\/\/deolhonocariri.com.br\/wp-content\/uploads\/2018\/02\/Prefeitura-de-Monteiro-600x412.jpg\" alt=\"\" class=\"wp-image-49272 lazyload\" src=\"data:image\/svg+xml;base64,PHN2ZyB3aWR0aD0iMSIgaGVpZ2h0PSIxIiB4bWxucz0iaHR0cDovL3d3dy53My5vcmcvMjAwMC9zdmciPjwvc3ZnPg==\" style=\"--smush-placeholder-width: 600px; --smush-placeholder-aspect-ratio: 600\/412;\" \/><\/figure><\/div>\n\n\n\n<p>A prefeitura Municipal de Monteiro emitiu uma nota de esclarecimento na manh\u00e3 desta quarta-feira(24), sobre as not\u00edcias que foram veiculas na imprensa estadual sobre investiga\u00e7\u00f5es feitas pela Pol\u00edcia Federal no munic\u00edpio de Monteiro.<\/p>\n\n\n\n<p><strong>Confira a Nota:<\/strong><\/p>\n\n\n\n<p><em>A respeito da opera\u00e7\u00e3o realizada na manh\u00e3 desta quarta-feira pela CGU e Pol\u00edcia Federal, a Prefeitura Municipal de Monteiro reitera:<\/em><\/p>\n\n\n\n<p><em>1) Que defende toda e qualquer apura\u00e7\u00e3o a respeito dos supostos fatos e n\u00e3o teme qualquer investiga\u00e7\u00e3o, uma vez que todos os procedimentos administrativos e licitat\u00f3rios s\u00e3o realizados a luz da transpar\u00eancia e com reiteradas auditorias realizadas pelo Tribunal de Contas do Estado (TCE).<\/em><\/p>\n\n\n\n<p><em>2) Que nenhum familiar da gestora presta servi\u00e7os na \u00e1rea de alimenta\u00e7\u00e3o e merenda escolar, como se especula.<\/em><\/p>\n\n\n\n<p><em>3) Que repudia a informa\u00e7\u00e3o divulgada, por setores da imprensa fomentados equivocadamente pelo grupo de oposi\u00e7\u00e3o, cujas pr\u00e1ticas s\u00e3o conhecidas na Para\u00edba pelo uso vultuoso de recursos financeiros, na tentativa de confundir a opini\u00e3o p\u00fablica a cerca dos supostos fatos.<\/em><\/p>\n\n\n\n<p><em>4) E, por fim, espera que a luz da lei, sem espetaculariza\u00e7\u00e3o, renova o respeito e refor\u00e7a a colabora\u00e7\u00e3o com os agentes federais, prestando toda a assist\u00eancia devida, aguardando com tranquilidade a elucida\u00e7\u00e3o dos supostos fatos ap\u00f3s devida apura\u00e7\u00e3o.<\/em><\/p>\n\n\n\n<p><em>Com Ascom<\/em><\/p>\n","protected":false},"excerpt":{"rendered":"<p>A prefeitura Municipal de Monteiro emitiu uma nota de esclarecimento na manh\u00e3 desta quarta-feira(24), sobre as not\u00edcias que foram veiculas na imprensa estadual sobre investiga\u00e7\u00f5es&hellip; <\/p>\n","protected":false},"author":1,"featured_media":106427,"comment_status":"closed","ping_status":"closed","sticky":false,"template":"","format":"standard","meta":{"sfsi_plus_gutenberg_text_before_share":"","sfsi_plus_gutenberg_show_text_before_share":"","sfsi_plus_gutenberg_icon_type":"","sfsi_plus_gutenberg_icon_alignemt":"","sfsi_plus_gutenburg_max_per_row":"","footnotes":""},"categories":[6],"tags":[],"class_list":["post-106426","post","type-post","status-publish","format-standard","has-post-thumbnail","hentry","category-cidades"],"_links":{"self":[{"href":"https:\/\/www.caririemacao.com\/1\/wp-json\/wp\/v2\/posts\/106426","targetHints":{"allow":["GET"]}}],"collection":[{"href":"https:\/\/www.caririemacao.com\/1\/wp-json\/wp\/v2\/posts"}],"about":[{"href":"https:\/\/www.caririemacao.com\/1\/wp-json\/wp\/v2\/types\/post"}],"author":[{"embeddable":true,"href":"https:\/\/www.caririemacao.com\/1\/wp-json\/wp\/v2\/users\/1"}],"replies":[{"embeddable":true,"href":"https:\/\/www.caririemacao.com\/1\/wp-json\/wp\/v2\/comments?post=106426"}],"version-history":[{"count":2,"href":"https:\/\/www.caririemacao.com\/1\/wp-json\/wp\/v2\/posts\/106426\/revisions"}],"predecessor-version":[{"id":106433,"href":"https:\/\/www.caririemacao.com\/1\/wp-json\/wp\/v2\/posts\/106426\/revisions\/106433"}],"wp:featuredmedia":[{"embeddable":true,"href":"https:\/\/www.caririemacao.com\/1\/wp-json\/wp\/v2\/media\/106427"}],"wp:attachment":[{"href":"https:\/\/www.caririemacao.com\/1\/wp-json\/wp\/v2\/media?parent=106426"}],"wp:term":[{"taxonomy":"category","embeddable":true,"href":"https:\/\/www.caririemacao.com\/1\/wp-json\/wp\/v2\/categories?post=106426"},{"taxonomy":"post_tag","embeddable":true,"href":"https:\/\/www.caririemacao.com\/1\/wp-json\/wp\/v2\/tags?post=106426"}],"curies":[{"name":"wp","href":"https:\/\/api.w.org\/{rel}","templated":true}]}}