{"id":106545,"date":"2019-07-25T08:01:09","date_gmt":"2019-07-25T11:01:09","guid":{"rendered":"http:\/\/www.caririemacao.com\/1\/?p=106545"},"modified":"2019-07-25T08:01:09","modified_gmt":"2019-07-25T11:01:09","slug":"policia-prende-suspeitos-de-apedrejar-amarrar-matar-e-incendiar-vitima-no-interior-da-paraiba","status":"publish","type":"post","link":"https:\/\/www.caririemacao.com\/1\/2019\/07\/25\/policia-prende-suspeitos-de-apedrejar-amarrar-matar-e-incendiar-vitima-no-interior-da-paraiba\/","title":{"rendered":"Pol\u00edcia prende suspeitos de apedrejar, amarrar, matar e incendiar v\u00edtima no interior da Para\u00edba"},"content":{"rendered":"\n<p>&nbsp;Pol\u00edcia Civil prendeu nesta quarta-feira (24) dois homens suspeitos de homic\u00eddio, cometido em junho, no munic\u00edpio Barra de S\u00e3o Miguel, no interior da Para\u00edba.<\/p>\n\n\n\n<p>Jos\u00e9 Ananias dos Santos, 25 anos, e Luiz Carlos da Silva Diniz Filho, 20 anos, tiveram as pris\u00f5es decretadas pela Justi\u00e7a.<\/p>\n\n\n\n<p>Os suspeitos foram identificados como os respons\u00e1veis pela morte de Jos\u00e9 Wilson dos Santos, vulgo &#8220;Gordo&#8221;, 40 anos. Ele foi morto com requintes de crueldade em 30 de junho, em Barra de S\u00e3o Miguel.<\/p>\n\n\n\n<p>De acordo com o delegado Yaslei Almeida, a v\u00edtima foi apedrejada, amarrada por uma corda e arrastada por mais de 150 metros. Em seguida, teve o corpo incendiado.&nbsp;<\/p>\n\n\n\n<p>O suspeito Luiz Carlos confessou o crime ap\u00f3s ser confrontado com provas exibidas pela pol\u00edcia.&nbsp;<\/p>\n\n\n\n<p>De acordo com o delegado, &#8220;os presos responder\u00e3o pelo crime de homic\u00eddio triplamente qualificado, em fun\u00e7\u00e3o do delito ter sido cometido por motivo f\u00fatil, emprego de tortura, fogo e meio cruel, e emprego de recurso que tornou imposs\u00edvel a defesa da v\u00edtima.&#8221;<\/p>\n","protected":false},"excerpt":{"rendered":"<p>&nbsp;Pol\u00edcia Civil prendeu nesta quarta-feira (24) dois homens suspeitos de homic\u00eddio, cometido em junho, no munic\u00edpio Barra de S\u00e3o Miguel, no interior da Para\u00edba. Jos\u00e9&hellip; <\/p>\n","protected":false},"author":1,"featured_media":105426,"comment_status":"closed","ping_status":"closed","sticky":false,"template":"","format":"standard","meta":{"sfsi_plus_gutenberg_text_before_share":"","sfsi_plus_gutenberg_show_text_before_share":"","sfsi_plus_gutenberg_icon_type":"","sfsi_plus_gutenberg_icon_alignemt":"","sfsi_plus_gutenburg_max_per_row":"","footnotes":""},"categories":[12],"tags":[],"class_list":["post-106545","post","type-post","status-publish","format-standard","has-post-thumbnail","hentry","category-policia"],"_links":{"self":[{"href":"https:\/\/www.caririemacao.com\/1\/wp-json\/wp\/v2\/posts\/106545","targetHints":{"allow":["GET"]}}],"collection":[{"href":"https:\/\/www.caririemacao.com\/1\/wp-json\/wp\/v2\/posts"}],"about":[{"href":"https:\/\/www.caririemacao.com\/1\/wp-json\/wp\/v2\/types\/post"}],"author":[{"embeddable":true,"href":"https:\/\/www.caririemacao.com\/1\/wp-json\/wp\/v2\/users\/1"}],"replies":[{"embeddable":true,"href":"https:\/\/www.caririemacao.com\/1\/wp-json\/wp\/v2\/comments?post=106545"}],"version-history":[{"count":1,"href":"https:\/\/www.caririemacao.com\/1\/wp-json\/wp\/v2\/posts\/106545\/revisions"}],"predecessor-version":[{"id":106546,"href":"https:\/\/www.caririemacao.com\/1\/wp-json\/wp\/v2\/posts\/106545\/revisions\/106546"}],"wp:featuredmedia":[{"embeddable":true,"href":"https:\/\/www.caririemacao.com\/1\/wp-json\/wp\/v2\/media\/105426"}],"wp:attachment":[{"href":"https:\/\/www.caririemacao.com\/1\/wp-json\/wp\/v2\/media?parent=106545"}],"wp:term":[{"taxonomy":"category","embeddable":true,"href":"https:\/\/www.caririemacao.com\/1\/wp-json\/wp\/v2\/categories?post=106545"},{"taxonomy":"post_tag","embeddable":true,"href":"https:\/\/www.caririemacao.com\/1\/wp-json\/wp\/v2\/tags?post=106545"}],"curies":[{"name":"wp","href":"https:\/\/api.w.org\/{rel}","templated":true}]}}