{"id":106551,"date":"2019-07-25T08:09:34","date_gmt":"2019-07-25T11:09:34","guid":{"rendered":"http:\/\/www.caririemacao.com\/1\/?p=106551"},"modified":"2019-07-25T08:09:34","modified_gmt":"2019-07-25T11:09:34","slug":"justica-absolve-lula-por-dois-crimes-no-caso-angola-mas-o-mantem-como-reu","status":"publish","type":"post","link":"https:\/\/www.caririemacao.com\/1\/2019\/07\/25\/justica-absolve-lula-por-dois-crimes-no-caso-angola-mas-o-mantem-como-reu\/","title":{"rendered":"Justi\u00e7a absolve Lula por dois crimes no caso Angola, mas o mant\u00e9m como r\u00e9u"},"content":{"rendered":"\n<p>&nbsp;A Justi\u00e7a Federal do Distrito Federal absolveu, em decis\u00e3o assinada na ter\u00e7a-feira (23) pelo juiz Vallisney de Souza Oliveira, o ex-presidente Luiz In\u00e1cio Lula da Silva (PT) pelos crimes de organiza\u00e7\u00e3o criminosa e de lavagem de dinheiro de R$ 20 milh\u00f5es em suposto tr\u00e1fico de influ\u00eancia por obras da Odebrecht em Angola.<\/p>\n\n\n\n<p>Ao mesmo tempo, Lula continuar\u00e1 a responder, no mesmo processo, por corrup\u00e7\u00e3o passiva, tr\u00e1fico de influ\u00eancia e lavagem de dinheiro de outros valores.<\/p>\n\n\n\n<p>A den\u00fancia, formulada a partir de uma opera\u00e7\u00e3o vinculada \u00e0 Lava Jato, foi feita pelo Minist\u00e9rio P\u00fablico Federal em 2016 e envolve Taiguara Rodrigues dos Santos, sobrinho de Lula, e Marcelo Odebrecht.<\/p>\n\n\n\n<p><strong>TEMPO<\/strong><br><\/p>\n\n\n\n<p>Na decis\u00e3o, o magistrado esclarece por que levou cerca de tr\u00eas anos para apreciar a acusa\u00e7\u00e3o do MPF.<\/p>\n\n\n\n<p>O &#8220;processo passou por diversos incidentes, em especial sua redistribui\u00e7\u00e3o para a 12\u00aa Vara Federal\/DF, requerimentos, pedidos de vista e suspens\u00f5es etc., alongando-se a an\u00e1lise da resposta \u00e0 acusa\u00e7\u00e3o&#8221;, escreve Vallisney.<\/p>\n\n\n\n<p>Justificando a absolvi\u00e7\u00e3o de organiza\u00e7\u00e3o criminosa, que livrou tamb\u00e9m Marcelo Odebrecht, o juiz fala que o MPF &#8220;promoveu uma acusa\u00e7\u00e3o paralela&#8221; por esse mesmo crime em outro processo. O magistrado cita ainda uma &#8220;m\u00edngua de provas de fatos pun\u00edveis&#8221; na acusa\u00e7\u00e3o impetrada contra o ex-presidente.<\/p>\n\n\n\n<p>Em rela\u00e7\u00e3o \u00e0 rejei\u00e7\u00e3o da den\u00fancia sobre a suposta lavagem de R$ 20 milh\u00f5es, escreveu o juiz:<\/p>\n\n\n\n<p>&#8220;Fica patente a in\u00e9pcia da den\u00fancia, considerando-se tanto o fato de o Defendente estar longe especificamente desses fatos, por n\u00e3o ter tido participa\u00e7\u00e3o nas assinaturas e nos contratos, n\u00e3o podendo ser responsabilizado pela aven\u00e7a contratual em si&#8221;.<\/p>\n","protected":false},"excerpt":{"rendered":"<p>&nbsp;A Justi\u00e7a Federal do Distrito Federal absolveu, em decis\u00e3o assinada na ter\u00e7a-feira (23) pelo juiz Vallisney de Souza Oliveira, o ex-presidente Luiz In\u00e1cio Lula da&hellip; <\/p>\n","protected":false},"author":1,"featured_media":101812,"comment_status":"closed","ping_status":"closed","sticky":false,"template":"","format":"standard","meta":{"sfsi_plus_gutenberg_text_before_share":"","sfsi_plus_gutenberg_show_text_before_share":"","sfsi_plus_gutenberg_icon_type":"","sfsi_plus_gutenberg_icon_alignemt":"","sfsi_plus_gutenburg_max_per_row":"","footnotes":""},"categories":[2],"tags":[],"class_list":["post-106551","post","type-post","status-publish","format-standard","has-post-thumbnail","hentry","category-geral"],"_links":{"self":[{"href":"https:\/\/www.caririemacao.com\/1\/wp-json\/wp\/v2\/posts\/106551","targetHints":{"allow":["GET"]}}],"collection":[{"href":"https:\/\/www.caririemacao.com\/1\/wp-json\/wp\/v2\/posts"}],"about":[{"href":"https:\/\/www.caririemacao.com\/1\/wp-json\/wp\/v2\/types\/post"}],"author":[{"embeddable":true,"href":"https:\/\/www.caririemacao.com\/1\/wp-json\/wp\/v2\/users\/1"}],"replies":[{"embeddable":true,"href":"https:\/\/www.caririemacao.com\/1\/wp-json\/wp\/v2\/comments?post=106551"}],"version-history":[{"count":1,"href":"https:\/\/www.caririemacao.com\/1\/wp-json\/wp\/v2\/posts\/106551\/revisions"}],"predecessor-version":[{"id":106552,"href":"https:\/\/www.caririemacao.com\/1\/wp-json\/wp\/v2\/posts\/106551\/revisions\/106552"}],"wp:featuredmedia":[{"embeddable":true,"href":"https:\/\/www.caririemacao.com\/1\/wp-json\/wp\/v2\/media\/101812"}],"wp:attachment":[{"href":"https:\/\/www.caririemacao.com\/1\/wp-json\/wp\/v2\/media?parent=106551"}],"wp:term":[{"taxonomy":"category","embeddable":true,"href":"https:\/\/www.caririemacao.com\/1\/wp-json\/wp\/v2\/categories?post=106551"},{"taxonomy":"post_tag","embeddable":true,"href":"https:\/\/www.caririemacao.com\/1\/wp-json\/wp\/v2\/tags?post=106551"}],"curies":[{"name":"wp","href":"https:\/\/api.w.org\/{rel}","templated":true}]}}