{"id":106571,"date":"2019-07-25T08:22:55","date_gmt":"2019-07-25T11:22:55","guid":{"rendered":"http:\/\/www.caririemacao.com\/1\/?p=106571"},"modified":"2019-07-25T08:22:55","modified_gmt":"2019-07-25T11:22:55","slug":"especialista-diz-que-nao-ha-solucao-magica-para-combater-fake-news","status":"publish","type":"post","link":"https:\/\/www.caririemacao.com\/1\/2019\/07\/25\/especialista-diz-que-nao-ha-solucao-magica-para-combater-fake-news\/","title":{"rendered":"Especialista diz que n\u00e3o h\u00e1 \u201csolu\u00e7\u00e3o m\u00e1gica\u201d para combater fake news"},"content":{"rendered":"\n<p>Como \u00e9 poss\u00edvel combater a desinforma\u00e7\u00e3o, tamb\u00e9m conhecida como not\u00edcias falsas (ou fake news, no termo popularizado em ingl\u00eas)?<\/p>\n\n\n\n<p>Na avalia\u00e7\u00e3o da professora e diretora do grupo de&nbsp;especialistas&nbsp;em desinforma\u00e7\u00e3o da Comiss\u00e3o Europeia \u2013&nbsp;\u00f3rg\u00e3o executivo da Uni\u00e3o Europeia, Madeleine de Cock Buning, n\u00e3o h\u00e1 apenas uma solu\u00e7\u00e3o que d\u00ea conta do problema.<\/p>\n\n\n\n<p>\u201cN\u00e3o h\u00e1 bala de prata. \u00c9 um problema com v\u00e1rias faces. E tem que ter uma solu\u00e7\u00e3o multidimensional. O nosso trabalho \u00e9 definir o escopo do problema e formular recomenda\u00e7\u00f5es\u201d, disse.<\/p>\n\n\n\n<p>Madeleine participou hoje, em S\u00e3o Paulo, da confer\u00eancia de abertura do Semin\u00e1rio Internet, Desinforma\u00e7\u00e3o e Democracia, promovido pelo Comit\u00ea Gestor da Internet no Brasil (CGI.br), \u00f3rg\u00e3o multissetorial que organiza endere\u00e7os da<em>&nbsp;web<\/em>&nbsp;no pa\u00eds e indica diretrizes sobre a rede. O evento d\u00e1 continuidade a um debate iniciado no ano passado sobre pr\u00e1ticas para para conter o fen\u00f4meno da desinforma\u00e7\u00e3o na internet.<\/p>\n\n\n\n<p>O uso do termo desinforma\u00e7\u00e3o, segundo a professora, \u00e9 mais preciso do que&nbsp;<em>fake news<\/em>, nome&nbsp;apropriado por alguns pol\u00edticos e seus apoiadores para desvalorizar not\u00edcias que os desagradam. &#8220;Nosso trabalho \u00e9 definir o escopo do problema e formular recomenda\u00e7\u00f5es&#8221;, afirmou.<\/p>\n\n\n\n<p>Segundo a coordenadora, o grupo elaborou um&nbsp;<a href=\"http:\/\/https\/\/ec.europa.eu\/digital-single-market\/en\/news\/final-report-high-level-expert-group-fake-news-and-online-disinformation\" target=\"_blank\" rel=\"noreferrer noopener\">relat\u00f3rio<\/a>&nbsp;com recomenda\u00e7\u00f5es sobre o tema. &#8220;\u00c9 preciso ter uma abordagem em diferentes dimens\u00f5es, fazer pesquisas para compreender o fen\u00f4meno e monitorar sua evolu\u00e7\u00e3o. Isso inclui entender porque as pessoas gostam e compartilham not\u00edcias falsas e qual o impacto disso na vida pol\u00edtica, como em elei\u00e7\u00f5es.&#8221;<\/p>\n\n\n\n<p>O relat\u00f3rio sugere que as plataformas digitais adotem medidas para dar mais transpar\u00eancia \u00e0 sua opera\u00e7\u00e3o, mostrando como funcionam sistemas, algoritmos respons\u00e1veis pela escolha dos conte\u00fados, recomenda\u00e7\u00f5es de v\u00eddeos, textos e imagens a cada usu\u00e1rio. \u201cAs plataformas n\u00e3o s\u00e3o transparentes sobre seus algoritmos. Somos deixados no escuro sobre o funcionamento desses sistemas\u201d, ressaltou a professora.<\/p>\n\n\n\n<p>O documento elaborado pelo grupo da Uni\u00e3o Europeia indica que a desinforma\u00e7\u00e3o n\u00e3o ser\u00e1 combatida se n\u00e3o houver um ambiente plural e diverso, com diferentes fontes de informa\u00e7\u00e3o dispon\u00edveis aos cidad\u00e3os. A promo\u00e7\u00e3o passa pelo empoderamento, tanto dos jornalistas e ve\u00edculos profissionais de not\u00edcias, quanto dos pr\u00f3prios usu\u00e1rios. Iniciativas de forma\u00e7\u00e3o \u2013 \u201calfabetiza\u00e7\u00e3o midi\u00e1tica\u201d \u2013 fundamentais para que as pessoas tenham uma postura mais cr\u00edtica,&nbsp; n\u00e3o acreditem ou n\u00e3o repassem as mensagens automaticamente.<\/p>\n\n\n\n<p>Para Madeleine, a dissemina\u00e7\u00e3o de not\u00edcias falsas est\u00e1 vinculada \u00e0 desconfian\u00e7a no conjunto das institui\u00e7\u00f5es, gerando um desinteresse no que elas apresentam como verdade. &#8220;Em muitos casos, pessoas preferem acreditar naquilo que confirma suas opini\u00f5es, evitando posi\u00e7\u00f5es cr\u00edticas.&#8221;<\/p>\n\n\n\n<h2 class=\"wp-block-heading\">C\u00f3digo de pr\u00e1ticas<\/h2>\n\n\n\n<p>O grupo elaborou um c\u00f3digo de pr\u00e1ticas para plataformas digitais como Facebook, Google, Twitter e Amazon, baseado em uma s\u00e9rie de princ\u00edpios que definem atitudes que as companhias devem adotar.<\/p>\n\n\n\n<p>Algumas das pr\u00e1ticas indicadas s\u00e3o as seguintes:<\/p>\n\n\n\n<p>&#8211; adaptar suas pol\u00edticas de publicidade, incluindo e identificando incentivos monet\u00e1rios \u00e0 difus\u00e3o de desinforma\u00e7\u00e3o e avaliando formas de diminuir esses mecanismo<\/p>\n\n\n\n<p>&#8211; garantir transpar\u00eancia e formas de fiscaliza\u00e7\u00e3o p\u00fablica sobre seu funcionamento e maneira como gerem o conte\u00fado de seus usu\u00e1rios<\/p>\n\n\n\n<p>&#8211; distinguir claramente o conte\u00fado, patrocinado e n\u00e3o pago, publicado pelos usu\u00e1rios.<\/p>\n\n\n\n<p>&#8211; permitir o acesso a dados do que ocorre no seu interior e das mensagens difundidas para projetos de checagem de fatos e pesquisadores acad\u00eamicos.<\/p>\n\n\n\n<p>&#8211; disponibilizar aos usu\u00e1rios configura\u00e7\u00f5es para empoder\u00e1-los de modo a definir como desejam o fluxo de informa\u00e7\u00f5es em suas linhas do tempo, personalizando sua experi\u00eancia nesses ambientes.<\/p>\n\n\n\n<p>&#8211; melhorar a visibilidade de not\u00edcias precisas e confi\u00e1veis e facilitar o acesso dos usu\u00e1rios a essas reportagens.<\/p>\n\n\n\n<p>&#8211; colocar, junto a not\u00edcias de grande visibilidade na plataforma, sugest\u00f5es de conte\u00fados relacionados que permitam outras perspectivas sobre um determinado fato<\/p>\n\n\n\n<p>&#8211; prover ferramentas amig\u00e1veis para permitir aos usu\u00e1rios estabelecer&nbsp;<em>links<\/em>&nbsp;com checadores de fatos de modo a conferir se h\u00e1 questionamento sobre as publica\u00e7\u00f5es que recebe<\/p>\n\n\n\n<p>&#8211; nas pol\u00edticas de identifica\u00e7\u00e3o de not\u00edcias apontadas como falsas (<em>flagging<\/em>, no termo em ingl\u00eas), implantar salvaguardas para evitar abusos por usu\u00e1rios<\/p>\n\n\n\n<p>&#8211; fornecer dados relevantes sobre a opera\u00e7\u00e3o de seus servi\u00e7os para pesquisadores independentes<\/p>\n\n\n\n<h2 class=\"wp-block-heading\">Implanta\u00e7\u00e3o<\/h2>\n\n\n\n<p>Mandeleine explicou que ap\u00f3s a conclus\u00e3o do documento, em 2018, teve in\u00edcio um di\u00e1logo com as plataformas de modo a criar um \u201cplano de a\u00e7\u00e3o\u201d voltado para colocar em pr\u00e1tica as recomenda\u00e7\u00f5es formuladas.<\/p>\n\n\n\n<p>Para al\u00e9m das medidas de auto-regula\u00e7\u00e3o das plataformas, a Uni\u00e3o Europeia aprovou, nos \u00faltimos anos, regula\u00e7\u00f5es importantes como o Regulamento Geral de Prote\u00e7\u00e3o de Dados e as novas diretivas de servi\u00e7os audiovisuais e de direito de autor.<\/p>\n\n\n\n<p>A especialista afirmou que, nas elei\u00e7\u00f5es para o Parlamento Europeu deste ano, n\u00e3o houve grandes ondas de desinforma\u00e7\u00e3o. Segundo Madeleine, a implementa\u00e7\u00e3o das recomenda\u00e7\u00f5es vem sendo avaliada. Caso as medidas adotadas pelas plataformas n\u00e3o sejam suficientes, outras respostas mais fortes podem ser adotadas. &#8220;Mas este ainda n\u00e3o \u00e9 o caso&#8221;, concluiu.<\/p>\n","protected":false},"excerpt":{"rendered":"<p>Como \u00e9 poss\u00edvel combater a desinforma\u00e7\u00e3o, tamb\u00e9m conhecida como not\u00edcias falsas (ou fake news, no termo popularizado em ingl\u00eas)? Na avalia\u00e7\u00e3o da professora e diretora&hellip; <\/p>\n","protected":false},"author":1,"featured_media":97053,"comment_status":"closed","ping_status":"closed","sticky":false,"template":"","format":"standard","meta":{"sfsi_plus_gutenberg_text_before_share":"","sfsi_plus_gutenberg_show_text_before_share":"","sfsi_plus_gutenberg_icon_type":"","sfsi_plus_gutenberg_icon_alignemt":"","sfsi_plus_gutenburg_max_per_row":"","footnotes":""},"categories":[2],"tags":[],"class_list":["post-106571","post","type-post","status-publish","format-standard","has-post-thumbnail","hentry","category-geral"],"_links":{"self":[{"href":"https:\/\/www.caririemacao.com\/1\/wp-json\/wp\/v2\/posts\/106571","targetHints":{"allow":["GET"]}}],"collection":[{"href":"https:\/\/www.caririemacao.com\/1\/wp-json\/wp\/v2\/posts"}],"about":[{"href":"https:\/\/www.caririemacao.com\/1\/wp-json\/wp\/v2\/types\/post"}],"author":[{"embeddable":true,"href":"https:\/\/www.caririemacao.com\/1\/wp-json\/wp\/v2\/users\/1"}],"replies":[{"embeddable":true,"href":"https:\/\/www.caririemacao.com\/1\/wp-json\/wp\/v2\/comments?post=106571"}],"version-history":[{"count":1,"href":"https:\/\/www.caririemacao.com\/1\/wp-json\/wp\/v2\/posts\/106571\/revisions"}],"predecessor-version":[{"id":106573,"href":"https:\/\/www.caririemacao.com\/1\/wp-json\/wp\/v2\/posts\/106571\/revisions\/106573"}],"wp:featuredmedia":[{"embeddable":true,"href":"https:\/\/www.caririemacao.com\/1\/wp-json\/wp\/v2\/media\/97053"}],"wp:attachment":[{"href":"https:\/\/www.caririemacao.com\/1\/wp-json\/wp\/v2\/media?parent=106571"}],"wp:term":[{"taxonomy":"category","embeddable":true,"href":"https:\/\/www.caririemacao.com\/1\/wp-json\/wp\/v2\/categories?post=106571"},{"taxonomy":"post_tag","embeddable":true,"href":"https:\/\/www.caririemacao.com\/1\/wp-json\/wp\/v2\/tags?post=106571"}],"curies":[{"name":"wp","href":"https:\/\/api.w.org\/{rel}","templated":true}]}}