{"id":106577,"date":"2019-07-25T08:26:12","date_gmt":"2019-07-25T11:26:12","guid":{"rendered":"http:\/\/www.caririemacao.com\/1\/?p=106577"},"modified":"2019-07-25T08:26:12","modified_gmt":"2019-07-25T11:26:12","slug":"previsao-do-tempo-para-esta-quinta-feira-em-toda-paraiba-15","status":"publish","type":"post","link":"https:\/\/www.caririemacao.com\/1\/2019\/07\/25\/previsao-do-tempo-para-esta-quinta-feira-em-toda-paraiba-15\/","title":{"rendered":"Previs\u00e3o do tempo para esta quinta-feira em toda Para\u00edba"},"content":{"rendered":"\n<p>Os ventos que sopram pr\u00f3ximos \u00e0 superf\u00edcie continuam favorecendo o transporte de umidade do oceano Atl\u00e2ntico em dire\u00e7\u00e3o \u00e0 costa leste paraibana. Tal condi\u00e7\u00e3o favorece a forma\u00e7\u00e3o de nebulosidade do tipo baixa com possibilidade de ocorr\u00eancia de chuvas esparsas no setor leste da Para\u00edba.<\/p>\n\n\n\n<div class=\"wp-block-image\"><figure class=\"aligncenter\"><img decoding=\"async\" data-src=\"https:\/\/paraibaonline.com.br\/wp-content\/uploads\/2019\/07\/tempo2507.jpg\" alt=\"\" class=\"wp-image-753791 lazyload\" src=\"data:image\/svg+xml;base64,PHN2ZyB3aWR0aD0iMSIgaGVpZ2h0PSIxIiB4bWxucz0iaHR0cDovL3d3dy53My5vcmcvMjAwMC9zdmciPjwvc3ZnPg==\" \/><\/figure><\/div>\n\n\n\n<p>*Fonte: Aesa<\/p>\n","protected":false},"excerpt":{"rendered":"<p>Os ventos que sopram pr\u00f3ximos \u00e0 superf\u00edcie continuam favorecendo o transporte de umidade do oceano Atl\u00e2ntico em dire\u00e7\u00e3o \u00e0 costa leste paraibana. Tal condi\u00e7\u00e3o favorece&hellip; <\/p>\n","protected":false},"author":1,"featured_media":6257,"comment_status":"closed","ping_status":"closed","sticky":false,"template":"","format":"standard","meta":{"sfsi_plus_gutenberg_text_before_share":"","sfsi_plus_gutenberg_show_text_before_share":"","sfsi_plus_gutenberg_icon_type":"","sfsi_plus_gutenberg_icon_alignemt":"","sfsi_plus_gutenburg_max_per_row":"","footnotes":""},"categories":[6],"tags":[],"class_list":["post-106577","post","type-post","status-publish","format-standard","has-post-thumbnail","hentry","category-cidades"],"_links":{"self":[{"href":"https:\/\/www.caririemacao.com\/1\/wp-json\/wp\/v2\/posts\/106577","targetHints":{"allow":["GET"]}}],"collection":[{"href":"https:\/\/www.caririemacao.com\/1\/wp-json\/wp\/v2\/posts"}],"about":[{"href":"https:\/\/www.caririemacao.com\/1\/wp-json\/wp\/v2\/types\/post"}],"author":[{"embeddable":true,"href":"https:\/\/www.caririemacao.com\/1\/wp-json\/wp\/v2\/users\/1"}],"replies":[{"embeddable":true,"href":"https:\/\/www.caririemacao.com\/1\/wp-json\/wp\/v2\/comments?post=106577"}],"version-history":[{"count":1,"href":"https:\/\/www.caririemacao.com\/1\/wp-json\/wp\/v2\/posts\/106577\/revisions"}],"predecessor-version":[{"id":106578,"href":"https:\/\/www.caririemacao.com\/1\/wp-json\/wp\/v2\/posts\/106577\/revisions\/106578"}],"wp:featuredmedia":[{"embeddable":true,"href":"https:\/\/www.caririemacao.com\/1\/wp-json\/wp\/v2\/media\/6257"}],"wp:attachment":[{"href":"https:\/\/www.caririemacao.com\/1\/wp-json\/wp\/v2\/media?parent=106577"}],"wp:term":[{"taxonomy":"category","embeddable":true,"href":"https:\/\/www.caririemacao.com\/1\/wp-json\/wp\/v2\/categories?post=106577"},{"taxonomy":"post_tag","embeddable":true,"href":"https:\/\/www.caririemacao.com\/1\/wp-json\/wp\/v2\/tags?post=106577"}],"curies":[{"name":"wp","href":"https:\/\/api.w.org\/{rel}","templated":true}]}}