{"id":106608,"date":"2019-07-25T09:12:33","date_gmt":"2019-07-25T12:12:33","guid":{"rendered":"http:\/\/www.caririemacao.com\/1\/?p=106608"},"modified":"2019-07-25T09:12:33","modified_gmt":"2019-07-25T12:12:33","slug":"confianca-do-comercio-cresce-23-pontos-em-julho","status":"publish","type":"post","link":"https:\/\/www.caririemacao.com\/1\/2019\/07\/25\/confianca-do-comercio-cresce-23-pontos-em-julho\/","title":{"rendered":"Confian\u00e7a do Com\u00e9rcio cresce 2,3 pontos em julho"},"content":{"rendered":"\n<p><br>O \u00cdndice de Confian\u00e7a do Com\u00e9rcio, medido pela Funda\u00e7\u00e3o Getulio Vargas (FGV), cresceu 2,3 pontos na passagem de junho para julho deste ano. Com o resultado, que \u00e9 a segunda alta consecutiva, o indicador chegou a 95,5 pontos, em uma escala de zero a 200 pontos.<\/p>\n\n\n\n<p>Em julho, a confian\u00e7a subiu em nove dos 13 segmentos do com\u00e9rcio pesquisados. A melhora do \u00edndice foi puxada principalmente pela confian\u00e7a no futuro, medida pelo \u00cdndice de Expectativas, que avan\u00e7ou 2,7 pontos e chegou a 102,6 pontos. O \u00cdndice da Situa\u00e7\u00e3o Atual, que mede a satisfa\u00e7\u00e3o com o momento presente, subiu 1,8 ponto, atingindo 88,6 pontos.<\/p>\n\n\n\n<p>Para o pesquisador da FGV Rodoplho Tobler, os empres\u00e1rios percebem alguma evolu\u00e7\u00e3o no ritmo de vendas do setor. Apesar disso, o patamar da confian\u00e7a no presente se mant\u00e9m baixo. Para Tobler, o aumento das expectativas sugere \u201cque o cen\u00e1rio de recupera\u00e7\u00e3o do setor deve se manter, mas ainda em ritmo gradual dado a persist\u00eancia dos n\u00edveis altos de desemprego e da dificuldade de recupera\u00e7\u00e3o da confian\u00e7a dos consumidores\u201d.<\/p>\n","protected":false},"excerpt":{"rendered":"<p>O \u00cdndice de Confian\u00e7a do Com\u00e9rcio, medido pela Funda\u00e7\u00e3o Getulio Vargas (FGV), cresceu 2,3 pontos na passagem de junho para julho deste ano. Com o&hellip; <\/p>\n","protected":false},"author":1,"featured_media":106609,"comment_status":"closed","ping_status":"closed","sticky":false,"template":"","format":"standard","meta":{"sfsi_plus_gutenberg_text_before_share":"","sfsi_plus_gutenberg_show_text_before_share":"","sfsi_plus_gutenberg_icon_type":"","sfsi_plus_gutenberg_icon_alignemt":"","sfsi_plus_gutenburg_max_per_row":"","footnotes":""},"categories":[2],"tags":[],"class_list":["post-106608","post","type-post","status-publish","format-standard","has-post-thumbnail","hentry","category-geral"],"_links":{"self":[{"href":"https:\/\/www.caririemacao.com\/1\/wp-json\/wp\/v2\/posts\/106608","targetHints":{"allow":["GET"]}}],"collection":[{"href":"https:\/\/www.caririemacao.com\/1\/wp-json\/wp\/v2\/posts"}],"about":[{"href":"https:\/\/www.caririemacao.com\/1\/wp-json\/wp\/v2\/types\/post"}],"author":[{"embeddable":true,"href":"https:\/\/www.caririemacao.com\/1\/wp-json\/wp\/v2\/users\/1"}],"replies":[{"embeddable":true,"href":"https:\/\/www.caririemacao.com\/1\/wp-json\/wp\/v2\/comments?post=106608"}],"version-history":[{"count":1,"href":"https:\/\/www.caririemacao.com\/1\/wp-json\/wp\/v2\/posts\/106608\/revisions"}],"predecessor-version":[{"id":106610,"href":"https:\/\/www.caririemacao.com\/1\/wp-json\/wp\/v2\/posts\/106608\/revisions\/106610"}],"wp:featuredmedia":[{"embeddable":true,"href":"https:\/\/www.caririemacao.com\/1\/wp-json\/wp\/v2\/media\/106609"}],"wp:attachment":[{"href":"https:\/\/www.caririemacao.com\/1\/wp-json\/wp\/v2\/media?parent=106608"}],"wp:term":[{"taxonomy":"category","embeddable":true,"href":"https:\/\/www.caririemacao.com\/1\/wp-json\/wp\/v2\/categories?post=106608"},{"taxonomy":"post_tag","embeddable":true,"href":"https:\/\/www.caririemacao.com\/1\/wp-json\/wp\/v2\/tags?post=106608"}],"curies":[{"name":"wp","href":"https:\/\/api.w.org\/{rel}","templated":true}]}}