{"id":106617,"date":"2019-07-25T09:32:59","date_gmt":"2019-07-25T12:32:59","guid":{"rendered":"http:\/\/www.caririemacao.com\/1\/?p=106617"},"modified":"2019-07-25T09:32:59","modified_gmt":"2019-07-25T12:32:59","slug":"morre-aos-99-anos-paraibano-que-participou-da-2a-guerra-mundial-na-europa","status":"publish","type":"post","link":"https:\/\/www.caririemacao.com\/1\/2019\/07\/25\/morre-aos-99-anos-paraibano-que-participou-da-2a-guerra-mundial-na-europa\/","title":{"rendered":"Morre, aos 99 anos, paraibano que participou da 2\u00aa Guerra Mundial na Europa"},"content":{"rendered":"\n<figure class=\"wp-block-image\"><img decoding=\"async\" data-src=\"https:\/\/paraibaja.com.br\/wp-content\/uploads\/2019\/07\/Sd-Genival-M%C3%A1ximo-Oliveira-780x405.jpg\" alt=\"\" src=\"data:image\/svg+xml;base64,PHN2ZyB3aWR0aD0iMSIgaGVpZ2h0PSIxIiB4bWxucz0iaHR0cDovL3d3dy53My5vcmcvMjAwMC9zdmciPjwvc3ZnPg==\" class=\"lazyload\" style=\"--smush-placeholder-width: 780px; --smush-placeholder-aspect-ratio: 780\/405;\" \/><figcaption>&nbsp;Genival M\u00e1ximo Oliveira, \u00e0 direita<\/figcaption><\/figure>\n\n\n\n<p>Proposto pelo desembargador Saulo Henriques de S\u00e1 e Benevides, o Pleno do Tribunal de Justi\u00e7a da Para\u00edba aprovou Voto de Pesar pelo falecimento, nessa segunda-feira (22), do ex-combatente da Segunda Guerra Mundial, Genival M\u00e1ximo de Oliveira, natural de Bananeiras-PB, que veio a \u00f3bito aos 99 anos, ap\u00f3s complica\u00e7\u00e3o cir\u00fargica. A sess\u00e3o plen\u00e1ria ocorreu na tarde desta quarta-feira (24).- Continua depois da publicidade &#8211;<\/p>\n\n\n\n<figure><iframe data-src=\"https:\/\/paraibaja.com.br\/?_dnid=138773&amp;t=1558288208\" src=\"data:image\/svg+xml;base64,PHN2ZyB3aWR0aD0iMSIgaGVpZ2h0PSIxIiB4bWxucz0iaHR0cDovL3d3dy53My5vcmcvMjAwMC9zdmciPjwvc3ZnPg==\" class=\"lazyload\" data-load-mode=\"1\"><\/iframe><\/figure>\n\n\n\n<p>Conforme informado pelo propositor do Voto, Genival M\u00e1ximo de Oliveira foi um dos militares que serviu ao Ex\u00e9rcito Brasileiro, integrando a For\u00e7a Expedicion\u00e1ria Brasileira (FEB) durante a Segunda Guerra, tendo participado de a\u00e7\u00f5es nos campos de batalha da It\u00e1lia (entre elas, as de Monte Castello), ocorridas entre os anos de 1944 e 1945. Ele faleceu como presidente da Associa\u00e7\u00e3o de Ex-Combatentes e Veteranos da FEB da Para\u00edba.<\/p>\n\n\n\n<p>\u201cUm cidad\u00e3o que escreveu p\u00e1ginas bonitas da nossa hist\u00f3ria, enfrentando o combate nos Apeninos, num ato de bravura e hero\u00edsmo que merece todo o nosso respeito\u201d, destacou Saulo Henriques de S\u00e1 e Benevides, ao propor o Voto de Pesar, acompanhado por todos os integrantes do Pleno.<\/p>\n","protected":false},"excerpt":{"rendered":"<p>Proposto pelo desembargador Saulo Henriques de S\u00e1 e Benevides, o Pleno do Tribunal de Justi\u00e7a da Para\u00edba aprovou Voto de Pesar pelo falecimento, nessa segunda-feira&hellip; <\/p>\n","protected":false},"author":1,"featured_media":106618,"comment_status":"closed","ping_status":"closed","sticky":false,"template":"","format":"standard","meta":{"sfsi_plus_gutenberg_text_before_share":"","sfsi_plus_gutenberg_show_text_before_share":"","sfsi_plus_gutenberg_icon_type":"","sfsi_plus_gutenberg_icon_alignemt":"","sfsi_plus_gutenburg_max_per_row":"","footnotes":""},"categories":[2],"tags":[],"class_list":["post-106617","post","type-post","status-publish","format-standard","has-post-thumbnail","hentry","category-geral"],"_links":{"self":[{"href":"https:\/\/www.caririemacao.com\/1\/wp-json\/wp\/v2\/posts\/106617","targetHints":{"allow":["GET"]}}],"collection":[{"href":"https:\/\/www.caririemacao.com\/1\/wp-json\/wp\/v2\/posts"}],"about":[{"href":"https:\/\/www.caririemacao.com\/1\/wp-json\/wp\/v2\/types\/post"}],"author":[{"embeddable":true,"href":"https:\/\/www.caririemacao.com\/1\/wp-json\/wp\/v2\/users\/1"}],"replies":[{"embeddable":true,"href":"https:\/\/www.caririemacao.com\/1\/wp-json\/wp\/v2\/comments?post=106617"}],"version-history":[{"count":1,"href":"https:\/\/www.caririemacao.com\/1\/wp-json\/wp\/v2\/posts\/106617\/revisions"}],"predecessor-version":[{"id":106619,"href":"https:\/\/www.caririemacao.com\/1\/wp-json\/wp\/v2\/posts\/106617\/revisions\/106619"}],"wp:featuredmedia":[{"embeddable":true,"href":"https:\/\/www.caririemacao.com\/1\/wp-json\/wp\/v2\/media\/106618"}],"wp:attachment":[{"href":"https:\/\/www.caririemacao.com\/1\/wp-json\/wp\/v2\/media?parent=106617"}],"wp:term":[{"taxonomy":"category","embeddable":true,"href":"https:\/\/www.caririemacao.com\/1\/wp-json\/wp\/v2\/categories?post=106617"},{"taxonomy":"post_tag","embeddable":true,"href":"https:\/\/www.caririemacao.com\/1\/wp-json\/wp\/v2\/tags?post=106617"}],"curies":[{"name":"wp","href":"https:\/\/api.w.org\/{rel}","templated":true}]}}