{"id":106628,"date":"2019-07-25T09:45:54","date_gmt":"2019-07-25T12:45:54","guid":{"rendered":"http:\/\/www.caririemacao.com\/1\/?p=106628"},"modified":"2019-07-25T09:45:54","modified_gmt":"2019-07-25T12:45:54","slug":"noticias-falsas-nas-eleicoes-de-2020-preocupam-especialistas","status":"publish","type":"post","link":"https:\/\/www.caririemacao.com\/1\/2019\/07\/25\/noticias-falsas-nas-eleicoes-de-2020-preocupam-especialistas\/","title":{"rendered":"Not\u00edcias falsas nas elei\u00e7\u00f5es de 2020 preocupam especialistas"},"content":{"rendered":"\n<p>difus\u00e3o de conte\u00fados enganosos na Internet nas disputas municipais de 2020 vem preocupando especialistas no assunto. O tema foi objeto de debate no semin\u00e1rio \u201cInternet, Desinforma\u00e7\u00e3o e Democracia\u201d, que foi realizado&nbsp; ontem&nbsp;(24) em S\u00e3o Paulo, promovido pelo Comit\u00ea Gestor da Internet no Brasil ( CGI.br).<\/p>\n\n\n\n<p>Criado em 1995, o comit\u00ea \u00e9 respons\u00e1vel pela administra\u00e7\u00e3o dos dom\u00ednios \u201c.br\u201d e por diretrizes para o desenvolvimento da rede mundial de computadores no pa\u00eds. Durante o evento foram discutidas propostas para o enfrentamento de conte\u00fados enganosos nas plataformas digitais.<\/p>\n\n\n\n<p>Em sua apresenta\u00e7\u00e3o, a advogada e integrante do CGI Fl\u00e1via Lef\u00e9vre manifestou preocupa\u00e7\u00e3o com o poder das plataformas e com a capacidade econ\u00f4mica em escala mundial, destacando que a minirreforma eleitoral restringiu a propaganda paga na internet apenas a grandes plataformas, especialmente Facebook e Google.<\/p>\n\n\n\n<p>Lef\u00e9bvre defendeu a necessidade de cria\u00e7\u00e3o de mecanismos que diminuam a influ\u00eancia do peso econ\u00f4mico nas redes, uma vez que candidatos com mais recursos passaram a ter mais chances de veicular an\u00fancios nas plataformas.<\/p>\n\n\n\n<h2 class=\"wp-block-heading\">Viola\u00e7\u00f5es<\/h2>\n\n\n\n<p>O ex-ministro do Tribunal Superio Eleitoral (TSE) Henrique Neves, destacou a complexidade de tratamento das not\u00edcias falsas nas elei\u00e7\u00f5es de 2020, lembrando que a an\u00e1lise de viola\u00e7\u00f5es na propaganda eleitoral ser\u00e1 feita por 2.800 ju\u00edzes das zonas eleitorais respons\u00e1veis pelas disputas municipais nas diferentes regi\u00f5es do pa\u00eds. O total de candidatos, estimou Neves, deve passar dos 500 mil com as novas regras.<\/p>\n\n\n\n<p>\u201cA elei\u00e7\u00e3o municipal \u00e9 muito mais complicada de ser feita do que a nacional. Voc\u00ea vai ter um universo menor, munic\u00edpios com 20 mil pessoas, onde uma&nbsp;<em>fake news<\/em>&nbsp;pode se espalhar mais rapidamente. \u00c9 importante uma qualifica\u00e7\u00e3o para que os ju\u00edzes, Minist\u00e9rio P\u00fablico e advogados saibam lidar com o problema\u201d, afirmou.<\/p>\n\n\n\n<h2 class=\"wp-block-heading\">Facebook<\/h2>\n\n\n\n<p>O diretor de pol\u00edticas do Facebook para elei\u00e7\u00f5es na Am\u00e9rica Latina, Marcos Tourinho, apresentou as iniciativas da empresa para \u201cgarantir a integridade das disputas eleitorais\u201d, como t\u00eam sido implantadas em pleitos nos \u00faltimos anos e que ser\u00e3o adotadas em elei\u00e7\u00f5es deste ano, como na Argentina e na Bol\u00edvia.<\/p>\n\n\n\n<p>Segundo Tourinho, a companhia reduz contas falsas, reduz o alcance de not\u00edcias identificadas como falsas por checadores no&nbsp;<em>newsfeed<\/em>&nbsp;e disponibilizou informa\u00e7\u00f5es sobre an\u00fancios pol\u00edticos, como a exig\u00eancia de confirma\u00e7\u00e3o de identidade, a disponibiliza\u00e7\u00e3o de quem pagou e que segmentos populacionais receberam as pe\u00e7as.<\/p>\n\n\n\n<p>Foram atacados os incentivos financeiros para atores maliciosos, reduzindo o alcance de publica\u00e7\u00f5es que visam atrair usu\u00e1rios para sites com an\u00fancios e mantendo centros de monitoramento para dar respostas a mensagens enganosas, de acordo com o diretor. Questionado, disse que a empresa n\u00e3o aprovou nenhuma nova medida para as elei\u00e7\u00f5es de 2020 no Brasil e que ser\u00e1 feito um esfor\u00e7o em torno da diversidade e fragmenta\u00e7\u00e3o do pleito.<\/p>\n\n\n\n<h2 class=\"wp-block-heading\">Whatsapp<\/h2>\n\n\n\n<p>O pesquisador do Observat\u00f3rio Latinoamericano de Regula\u00e7\u00e3o, Meios e Converg\u00eancia (Observacom) Jo\u00e3o Brant observou que o combate \u00e0 desinforma\u00e7\u00e3o nas elei\u00e7\u00f5es de 2020 passa pelo enfrentamento do problema no&nbsp; Whatsapp.&nbsp;Tomando o papel da rede social no pleito de 2018, ele ressaltou que, apesar de ser uma rede social de mensagens privadas, permite a difus\u00e3o em massa de mensagens, como nos grupos de at\u00e9 256 integrantes, de forma obscura e utilizando o anonimato, \u201centerrando o debate pol\u00edtico\u201d.<\/p>\n\n\n\n<p>Para evitar o uso a plataforma nas pr\u00f3ximas elei\u00e7\u00f5es, o pesquisador defendeu uma s\u00e9rie de medidas. \u201cEm 2020, vamos ver o problema de 2018 em 5.500 munic\u00edpios. As plataformas t\u00eam responsabilidade e t\u00eam que atuar, garantindo transpar\u00eancia. \u00c9 preciso, por exemplo, mudar o padr\u00e3o de autoria no Whatsapp, viabilizar a identifica\u00e7\u00e3o de respons\u00e1veis por mensagens que violem os c\u00f3digos Penal e Civil e constranger pr\u00e1ticas reincidentes de desinforma\u00e7\u00e3o.\u201d<\/p>\n","protected":false},"excerpt":{"rendered":"<p>difus\u00e3o de conte\u00fados enganosos na Internet nas disputas municipais de 2020 vem preocupando especialistas no assunto. O tema foi objeto de debate no semin\u00e1rio \u201cInternet,&hellip; <\/p>\n","protected":false},"author":1,"featured_media":104557,"comment_status":"closed","ping_status":"closed","sticky":false,"template":"","format":"standard","meta":{"sfsi_plus_gutenberg_text_before_share":"","sfsi_plus_gutenberg_show_text_before_share":"","sfsi_plus_gutenberg_icon_type":"","sfsi_plus_gutenberg_icon_alignemt":"","sfsi_plus_gutenburg_max_per_row":"","footnotes":""},"categories":[2],"tags":[],"class_list":["post-106628","post","type-post","status-publish","format-standard","has-post-thumbnail","hentry","category-geral"],"_links":{"self":[{"href":"https:\/\/www.caririemacao.com\/1\/wp-json\/wp\/v2\/posts\/106628","targetHints":{"allow":["GET"]}}],"collection":[{"href":"https:\/\/www.caririemacao.com\/1\/wp-json\/wp\/v2\/posts"}],"about":[{"href":"https:\/\/www.caririemacao.com\/1\/wp-json\/wp\/v2\/types\/post"}],"author":[{"embeddable":true,"href":"https:\/\/www.caririemacao.com\/1\/wp-json\/wp\/v2\/users\/1"}],"replies":[{"embeddable":true,"href":"https:\/\/www.caririemacao.com\/1\/wp-json\/wp\/v2\/comments?post=106628"}],"version-history":[{"count":1,"href":"https:\/\/www.caririemacao.com\/1\/wp-json\/wp\/v2\/posts\/106628\/revisions"}],"predecessor-version":[{"id":106630,"href":"https:\/\/www.caririemacao.com\/1\/wp-json\/wp\/v2\/posts\/106628\/revisions\/106630"}],"wp:featuredmedia":[{"embeddable":true,"href":"https:\/\/www.caririemacao.com\/1\/wp-json\/wp\/v2\/media\/104557"}],"wp:attachment":[{"href":"https:\/\/www.caririemacao.com\/1\/wp-json\/wp\/v2\/media?parent=106628"}],"wp:term":[{"taxonomy":"category","embeddable":true,"href":"https:\/\/www.caririemacao.com\/1\/wp-json\/wp\/v2\/categories?post=106628"},{"taxonomy":"post_tag","embeddable":true,"href":"https:\/\/www.caririemacao.com\/1\/wp-json\/wp\/v2\/tags?post=106628"}],"curies":[{"name":"wp","href":"https:\/\/api.w.org\/{rel}","templated":true}]}}