{"id":106635,"date":"2019-07-25T09:53:09","date_gmt":"2019-07-25T12:53:09","guid":{"rendered":"http:\/\/www.caririemacao.com\/1\/?p=106635"},"modified":"2019-07-25T09:53:09","modified_gmt":"2019-07-25T12:53:09","slug":"ministerio-diz-que-celular-de-bolsonaro-foi-alvo-de-ataque-hacker","status":"publish","type":"post","link":"https:\/\/www.caririemacao.com\/1\/2019\/07\/25\/ministerio-diz-que-celular-de-bolsonaro-foi-alvo-de-ataque-hacker\/","title":{"rendered":"Minist\u00e9rio diz que celular de Bolsonaro foi alvo de ataque hacker"},"content":{"rendered":"\n<p>Minist\u00e9rio da Justi\u00e7a e Seguran\u00e7a P\u00fablica informou, nesta quinta-feira (25), que os celulares usados pelo presidente Jair Bolsonaro foram alvos de ataques de hackers.<\/p>\n\n\n\n<p>As invas\u00f5es aos celulares do presidente teriam sido feitas pelo&nbsp;<strong><a href=\"https:\/\/noticias.r7.com\/brasil\/juiz-ha-indicios-de-que-investigados-integram-organizacao-criminosa-24072019\" target=\"_blank\" rel=\"noreferrer noopener\">grupo preso na ter\u00e7a-feira (23)<\/a><\/strong>, acusado de hackear aparelhos de outras autoridades, como os ministros Sergio Moro e Paulo Guedes e procuradores da opera\u00e7\u00e3o Lava Jato.&nbsp;<\/p>\n\n\n\n<p><strong>Leia a nota da pasta na \u00edntegra:&nbsp;<\/strong><\/p>\n\n\n\n<figure><iframe width=\"1\" height=\"1\"><\/iframe><\/figure>\n\n\n\n<p>&#8220;O Minist\u00e9rio da Justi\u00e7a e Seguran\u00e7a P\u00fablica foi, por quest\u00e3o de seguran\u00e7a nacional, informado pela Pol\u00edcia Federal de que aparelhos celulares utilizados pelo Presidente da Rep\u00fablica, Jair Bolsonaro, foram alvos de ataques pelo grupo de hackers preso na \u00faltima ter\u00e7a feira (23). Por quest\u00e3o de seguran\u00e7a nacional, o fato foi devidamente comunicado ao Presidente da Rep\u00fablica&#8221;.&nbsp;<\/p>\n","protected":false},"excerpt":{"rendered":"<p>Minist\u00e9rio da Justi\u00e7a e Seguran\u00e7a P\u00fablica informou, nesta quinta-feira (25), que os celulares usados pelo presidente Jair Bolsonaro foram alvos de ataques de hackers. As&hellip; <\/p>\n","protected":false},"author":1,"featured_media":106135,"comment_status":"closed","ping_status":"closed","sticky":false,"template":"","format":"standard","meta":{"sfsi_plus_gutenberg_text_before_share":"","sfsi_plus_gutenberg_show_text_before_share":"","sfsi_plus_gutenberg_icon_type":"","sfsi_plus_gutenberg_icon_alignemt":"","sfsi_plus_gutenburg_max_per_row":"","footnotes":""},"categories":[11],"tags":[],"class_list":["post-106635","post","type-post","status-publish","format-standard","has-post-thumbnail","hentry","category-politica"],"_links":{"self":[{"href":"https:\/\/www.caririemacao.com\/1\/wp-json\/wp\/v2\/posts\/106635","targetHints":{"allow":["GET"]}}],"collection":[{"href":"https:\/\/www.caririemacao.com\/1\/wp-json\/wp\/v2\/posts"}],"about":[{"href":"https:\/\/www.caririemacao.com\/1\/wp-json\/wp\/v2\/types\/post"}],"author":[{"embeddable":true,"href":"https:\/\/www.caririemacao.com\/1\/wp-json\/wp\/v2\/users\/1"}],"replies":[{"embeddable":true,"href":"https:\/\/www.caririemacao.com\/1\/wp-json\/wp\/v2\/comments?post=106635"}],"version-history":[{"count":1,"href":"https:\/\/www.caririemacao.com\/1\/wp-json\/wp\/v2\/posts\/106635\/revisions"}],"predecessor-version":[{"id":106636,"href":"https:\/\/www.caririemacao.com\/1\/wp-json\/wp\/v2\/posts\/106635\/revisions\/106636"}],"wp:featuredmedia":[{"embeddable":true,"href":"https:\/\/www.caririemacao.com\/1\/wp-json\/wp\/v2\/media\/106135"}],"wp:attachment":[{"href":"https:\/\/www.caririemacao.com\/1\/wp-json\/wp\/v2\/media?parent=106635"}],"wp:term":[{"taxonomy":"category","embeddable":true,"href":"https:\/\/www.caririemacao.com\/1\/wp-json\/wp\/v2\/categories?post=106635"},{"taxonomy":"post_tag","embeddable":true,"href":"https:\/\/www.caririemacao.com\/1\/wp-json\/wp\/v2\/tags?post=106635"}],"curies":[{"name":"wp","href":"https:\/\/api.w.org\/{rel}","templated":true}]}}