{"id":106642,"date":"2019-07-25T09:59:03","date_gmt":"2019-07-25T12:59:03","guid":{"rendered":"http:\/\/www.caririemacao.com\/1\/?p=106642"},"modified":"2019-07-25T09:59:03","modified_gmt":"2019-07-25T12:59:03","slug":"774-dos-brasileiros-sao-contra-auxilio-reclusao-para-presos","status":"publish","type":"post","link":"https:\/\/www.caririemacao.com\/1\/2019\/07\/25\/774-dos-brasileiros-sao-contra-auxilio-reclusao-para-presos\/","title":{"rendered":"77,4% dos brasileiros s\u00e3o contra aux\u00edlio-reclus\u00e3o para presos"},"content":{"rendered":"\n<p><em>Pixabay<\/em><\/p>\n\n\n\n<p>Segundo uma pesquisa exclusiva, feita pelo Instituto Paran\u00e1 Pesquisas a pedido do\u00a0<strong>R7 Planalto<\/strong>,\u00a0quase oito a cada dez brasileiros s\u00e3o contr\u00e1rios ao pagamento de aux\u00edlio-reclus\u00e3o para dependentes de presos,\u00a0<strong>que chegam a custar mais de 600 milh\u00f5es ao ano para o INSS<\/strong>.<\/p>\n\n\n\n<p>Entre os entrevistados, 77,4% disseram contra o benef\u00edcio, enquanto\u00a018,9% foram a favor do pagamento e outros 3,7% n\u00e3o souberam ou n\u00e3o quiseram opinar.<\/p>\n\n\n\n\n\n<p>A disparidade \u00e9 ainda maior quando analisamos apenas os mais velhos. Entre aqueles com mais de 60 anos, os n\u00fameros contr\u00e1rios ao aux\u00edlio atingem seu maior \u00edndice, com 80,8% e apenas 16,3% a favor.<\/p>\n\n\n\n\n\n<p>J\u00e1 os que maiores defensores s\u00e3o aqueles entre 25 e 34 anos, que demonstram um grau de aprova\u00e7\u00e3o de 22,1%, mas mesmo assim t\u00eam 73,3% contr\u00e1rios ao pagamento.<\/p>\n\n\n\n<p><strong>m n\u00edvel de desaprova\u00e7\u00e3o de 87%<\/strong>.<\/p>\n\n\n\n<p>O aux\u00edlio-reclus\u00e3o, no valor de\u00a0R$ 1.292,43 mensais,\u00a0<strong>\u00e9 pago a dependentes de presos<\/strong>\u00a0que tenham realizado 24 contribui\u00e7\u00f5es, antes do c\u00e1rcere, com a Previd\u00eancia Social.<\/p>\n\n\n\n<p>Outros fatores determinantes para o pagamento s\u00e3o que o preso esteja no regime fechado e que ele tenha recebido menos do que o valor pago pelo INSS no sal\u00e1rio anterior \u00e0 pris\u00e3o.<\/p>\n\n\n\n<p>Os valores s\u00e3o deduzidos do INSS do pr\u00f3prio preso e entregue \u00e0 fam\u00edlia, n\u00e3o sendo entregue, em qualquer circunst\u00e2ncia, ao pr\u00f3prio detento.<\/p>\n\n\n\n<p>Ap\u00f3s mudan\u00e7as nas legisla\u00e7\u00e3o, que dificultaram o pedido do aux\u00edlio para novos presos, houve uma&nbsp;<a href=\"https:\/\/noticias.r7.com\/brasil\/concessao-de-beneficios-a-presos-tem-reducao-de-41-em-marco-04062019\" target=\"_blank\" rel=\"noreferrer noopener\"><strong>redu\u00e7\u00e3o de 41% no n\u00famero de benef\u00edcios concedidos<\/strong><\/a>, no m\u00eas de mar\u00e7o, em rela\u00e7\u00e3o ao mesmo m\u00eas do ano passado.<\/p>\n\n\n\n<p>A pesquisa foi realizada pelo Instituto Paran\u00e1 Pesquisas, a pedido do&nbsp;<strong>R7 Planalto<\/strong>, com 2.184 brasileiros maiores de 16 anos, em 170 munic\u00edpios de 26 Estados e do Distrito Federal. As entrevistas foram realizadas por telefone entre os dias 17 e 20 de julho de 2019. A amostra tem grau de confian\u00e7a de 95% para uma margem estimada de erro de aproximadamente 2 pontos percentuais para os resultados gerais.<\/p>\n","protected":false},"excerpt":{"rendered":"<p>Pixabay Segundo uma pesquisa exclusiva, feita pelo Instituto Paran\u00e1 Pesquisas a pedido do\u00a0R7 Planalto,\u00a0quase oito a cada dez brasileiros s\u00e3o contr\u00e1rios ao pagamento de aux\u00edlio-reclus\u00e3o&hellip; <\/p>\n","protected":false},"author":1,"featured_media":88603,"comment_status":"closed","ping_status":"closed","sticky":false,"template":"","format":"standard","meta":{"sfsi_plus_gutenberg_text_before_share":"","sfsi_plus_gutenberg_show_text_before_share":"","sfsi_plus_gutenberg_icon_type":"","sfsi_plus_gutenberg_icon_alignemt":"","sfsi_plus_gutenburg_max_per_row":"","footnotes":""},"categories":[2],"tags":[],"class_list":["post-106642","post","type-post","status-publish","format-standard","has-post-thumbnail","hentry","category-geral"],"_links":{"self":[{"href":"https:\/\/www.caririemacao.com\/1\/wp-json\/wp\/v2\/posts\/106642","targetHints":{"allow":["GET"]}}],"collection":[{"href":"https:\/\/www.caririemacao.com\/1\/wp-json\/wp\/v2\/posts"}],"about":[{"href":"https:\/\/www.caririemacao.com\/1\/wp-json\/wp\/v2\/types\/post"}],"author":[{"embeddable":true,"href":"https:\/\/www.caririemacao.com\/1\/wp-json\/wp\/v2\/users\/1"}],"replies":[{"embeddable":true,"href":"https:\/\/www.caririemacao.com\/1\/wp-json\/wp\/v2\/comments?post=106642"}],"version-history":[{"count":1,"href":"https:\/\/www.caririemacao.com\/1\/wp-json\/wp\/v2\/posts\/106642\/revisions"}],"predecessor-version":[{"id":106643,"href":"https:\/\/www.caririemacao.com\/1\/wp-json\/wp\/v2\/posts\/106642\/revisions\/106643"}],"wp:featuredmedia":[{"embeddable":true,"href":"https:\/\/www.caririemacao.com\/1\/wp-json\/wp\/v2\/media\/88603"}],"wp:attachment":[{"href":"https:\/\/www.caririemacao.com\/1\/wp-json\/wp\/v2\/media?parent=106642"}],"wp:term":[{"taxonomy":"category","embeddable":true,"href":"https:\/\/www.caririemacao.com\/1\/wp-json\/wp\/v2\/categories?post=106642"},{"taxonomy":"post_tag","embeddable":true,"href":"https:\/\/www.caririemacao.com\/1\/wp-json\/wp\/v2\/tags?post=106642"}],"curies":[{"name":"wp","href":"https:\/\/api.w.org\/{rel}","templated":true}]}}