{"id":106656,"date":"2019-07-25T10:31:07","date_gmt":"2019-07-25T13:31:07","guid":{"rendered":"http:\/\/www.caririemacao.com\/1\/?p=106656"},"modified":"2019-07-25T10:31:07","modified_gmt":"2019-07-25T13:31:07","slug":"pagamento-de-julho-dos-servidores-estaduais-comeca-na-terca-feira","status":"publish","type":"post","link":"https:\/\/www.caririemacao.com\/1\/2019\/07\/25\/pagamento-de-julho-dos-servidores-estaduais-comeca-na-terca-feira\/","title":{"rendered":"Pagamento de julho dos servidores estaduais come\u00e7a na ter\u00e7a-feira"},"content":{"rendered":"\n<p>&nbsp;Governo do Estado efetua o pagamento dos servidores estaduais referente ao m\u00eas de julho na ter\u00e7a-feira (30), quando recebem aposentados e pensionistas e segue na quarta-feira (31), com os sal\u00e1rios dos servidores da ativa.<\/p>\n\n\n\n<p>A Para\u00edba possui mais de 100 mil servidores estaduais. A Secretaria de Administra\u00e7\u00e3o confirmou as datas, mantendo o pagamento dos servidores estaduais dentro do m\u00eas trabalhado.&nbsp;<\/p>\n\n\n\n<p>No m\u00eas passado, al\u00e9m do pagamento do sal\u00e1rio do m\u00eas, o Estado efetuou o pagamento da primeira parcela do 13\u00ba sal\u00e1rio dos servidores estaduais, que estava dispon\u00edvel para o funcionalismo no dia 19 de junho.<\/p>\n\n\n\n<p><strong>Calend\u00e1rio:<\/strong><br>30\/07- aposentados e pensionistas&nbsp;<br>31\/07- servidores da ativa<\/p>\n","protected":false},"excerpt":{"rendered":"<p>&nbsp;Governo do Estado efetua o pagamento dos servidores estaduais referente ao m\u00eas de julho na ter\u00e7a-feira (30), quando recebem aposentados e pensionistas e segue na&hellip; <\/p>\n","protected":false},"author":1,"featured_media":67267,"comment_status":"closed","ping_status":"closed","sticky":false,"template":"","format":"standard","meta":{"sfsi_plus_gutenberg_text_before_share":"","sfsi_plus_gutenberg_show_text_before_share":"","sfsi_plus_gutenberg_icon_type":"","sfsi_plus_gutenberg_icon_alignemt":"","sfsi_plus_gutenburg_max_per_row":"","footnotes":""},"categories":[6],"tags":[],"class_list":["post-106656","post","type-post","status-publish","format-standard","has-post-thumbnail","hentry","category-cidades"],"_links":{"self":[{"href":"https:\/\/www.caririemacao.com\/1\/wp-json\/wp\/v2\/posts\/106656","targetHints":{"allow":["GET"]}}],"collection":[{"href":"https:\/\/www.caririemacao.com\/1\/wp-json\/wp\/v2\/posts"}],"about":[{"href":"https:\/\/www.caririemacao.com\/1\/wp-json\/wp\/v2\/types\/post"}],"author":[{"embeddable":true,"href":"https:\/\/www.caririemacao.com\/1\/wp-json\/wp\/v2\/users\/1"}],"replies":[{"embeddable":true,"href":"https:\/\/www.caririemacao.com\/1\/wp-json\/wp\/v2\/comments?post=106656"}],"version-history":[{"count":1,"href":"https:\/\/www.caririemacao.com\/1\/wp-json\/wp\/v2\/posts\/106656\/revisions"}],"predecessor-version":[{"id":106658,"href":"https:\/\/www.caririemacao.com\/1\/wp-json\/wp\/v2\/posts\/106656\/revisions\/106658"}],"wp:featuredmedia":[{"embeddable":true,"href":"https:\/\/www.caririemacao.com\/1\/wp-json\/wp\/v2\/media\/67267"}],"wp:attachment":[{"href":"https:\/\/www.caririemacao.com\/1\/wp-json\/wp\/v2\/media?parent=106656"}],"wp:term":[{"taxonomy":"category","embeddable":true,"href":"https:\/\/www.caririemacao.com\/1\/wp-json\/wp\/v2\/categories?post=106656"},{"taxonomy":"post_tag","embeddable":true,"href":"https:\/\/www.caririemacao.com\/1\/wp-json\/wp\/v2\/tags?post=106656"}],"curies":[{"name":"wp","href":"https:\/\/api.w.org\/{rel}","templated":true}]}}