{"id":106669,"date":"2019-07-25T12:03:23","date_gmt":"2019-07-25T15:03:23","guid":{"rendered":"http:\/\/www.caririemacao.com\/1\/?p=106669"},"modified":"2019-07-25T12:03:23","modified_gmt":"2019-07-25T15:03:23","slug":"agentes-comunitarios-de-saude-recebem-capacitacao-sobre-leishimaniose","status":"publish","type":"post","link":"https:\/\/www.caririemacao.com\/1\/2019\/07\/25\/agentes-comunitarios-de-saude-recebem-capacitacao-sobre-leishimaniose\/","title":{"rendered":"Agentes Comunit\u00e1rios de Sa\u00fade recebem capacita\u00e7\u00e3o sobre Leishimaniose"},"content":{"rendered":"\n<p>Agentes Comunit\u00e1rios de Sa\u00fade recebem capacita\u00e7\u00e3o sobre Leishimaniose<\/p>\n\n\n\n<p>Na manh\u00e3 desta quarta-feira, os Agentes Comunit\u00e1rios de Sa\u00fade do munic\u00edpio de Monteiro estiveram reunidos para receber uma capacita\u00e7\u00e3o sobre Leishimaniose com o m\u00e9dico veterin\u00e1rio Dr. Ricardo Morato.<\/p>\n\n\n\n<figure class=\"wp-block-image\"><img fetchpriority=\"high\" decoding=\"async\" width=\"1024\" height=\"681\" src=\"http:\/\/www.caririemacao.com\/1\/wp-content\/uploads\/2019\/07\/capacita\u00e7\u00e3o-sobre-Leishimaniose-3-1024x681.jpeg\" alt=\"\" class=\"wp-image-106670\" srcset=\"https:\/\/www.caririemacao.com\/1\/wp-content\/uploads\/2019\/07\/capacita\u00e7\u00e3o-sobre-Leishimaniose-3-1024x681.jpeg 1024w, https:\/\/www.caririemacao.com\/1\/wp-content\/uploads\/2019\/07\/capacita\u00e7\u00e3o-sobre-Leishimaniose-3-300x199.jpeg 300w, https:\/\/www.caririemacao.com\/1\/wp-content\/uploads\/2019\/07\/capacita\u00e7\u00e3o-sobre-Leishimaniose-3-768x511.jpeg 768w, https:\/\/www.caririemacao.com\/1\/wp-content\/uploads\/2019\/07\/capacita\u00e7\u00e3o-sobre-Leishimaniose-3.jpeg 1280w\" sizes=\"(max-width: 1024px) 100vw, 1024px\" \/><\/figure>\n\n\n\n<p>O trabalho est\u00e1 sendo feito com a Secretaria de Sa\u00fade, Vigil\u00e2ncia em Sa\u00fade e Aten\u00e7\u00e3o B\u00e1sica com o intuito de orientar e identificar, e em caso de suspeitas, o encaminhamento para as devidas provid\u00eancias como a realiza\u00e7\u00e3o de exames.<\/p>\n\n\n\n<p>A capacita\u00e7\u00e3o tem como objetivo gerar compet\u00eancias t\u00e9cnicas para o diagn\u00f3stico precoce e o tratamento adequado da leishmaniose visceral e tegumentar contribuindo para a melhoria da aten\u00e7\u00e3o \u00e0 popula\u00e7\u00e3o acometida por essas doen\u00e7as.<\/p>\n\n\n\n<ul class=\"wp-block-gallery columns-1 is-cropped wp-block-gallery-1 is-layout-flex wp-block-gallery-is-layout-flex\"><li class=\"blocks-gallery-item\"><figure><img decoding=\"async\" width=\"1024\" height=\"681\" data-src=\"http:\/\/www.caririemacao.com\/1\/wp-content\/uploads\/2019\/07\/capacita\u00e7\u00e3o-sobre-Leishimaniose-2-1024x681.jpeg\" alt=\"\" data-id=\"106671\" data-link=\"http:\/\/www.caririemacao.com\/1\/?attachment_id=106671\" class=\"wp-image-106671 lazyload\" data-srcset=\"https:\/\/www.caririemacao.com\/1\/wp-content\/uploads\/2019\/07\/capacita\u00e7\u00e3o-sobre-Leishimaniose-2-1024x681.jpeg 1024w, https:\/\/www.caririemacao.com\/1\/wp-content\/uploads\/2019\/07\/capacita\u00e7\u00e3o-sobre-Leishimaniose-2-300x199.jpeg 300w, https:\/\/www.caririemacao.com\/1\/wp-content\/uploads\/2019\/07\/capacita\u00e7\u00e3o-sobre-Leishimaniose-2-768x511.jpeg 768w, https:\/\/www.caririemacao.com\/1\/wp-content\/uploads\/2019\/07\/capacita\u00e7\u00e3o-sobre-Leishimaniose-2.jpeg 1280w\" data-sizes=\"(max-width: 1024px) 100vw, 1024px\" src=\"data:image\/svg+xml;base64,PHN2ZyB3aWR0aD0iMSIgaGVpZ2h0PSIxIiB4bWxucz0iaHR0cDovL3d3dy53My5vcmcvMjAwMC9zdmciPjwvc3ZnPg==\" style=\"--smush-placeholder-width: 1024px; --smush-placeholder-aspect-ratio: 1024\/681;\" \/><\/figure><\/li><\/ul>\n\n\n\n<p>A Leishmaniose Visceral (LV) \u00e9 uma doen\u00e7a causada por um protozo\u00e1rio da esp\u00e9cie Leishmania chagasi. O ciclo evolutivo apresenta duas formas: amastigota, que \u00e9 obrigatoriamente parasita intracelular em mam\u00edferos, e promastigota, presente no tubo digestivo do inseto transmissor. \u00c9 conhecida como calazar, esplenomegalia tropical e febre dundun.<\/p>\n\n\n\n<figure class=\"wp-block-image\"><img decoding=\"async\" width=\"1024\" height=\"681\" data-src=\"http:\/\/www.caririemacao.com\/1\/wp-content\/uploads\/2019\/07\/capacita\u00e7\u00e3o-sobre-Leishimaniose-1-1024x681.jpeg\" alt=\"\" class=\"wp-image-106672 lazyload\" data-srcset=\"https:\/\/www.caririemacao.com\/1\/wp-content\/uploads\/2019\/07\/capacita\u00e7\u00e3o-sobre-Leishimaniose-1-1024x681.jpeg 1024w, https:\/\/www.caririemacao.com\/1\/wp-content\/uploads\/2019\/07\/capacita\u00e7\u00e3o-sobre-Leishimaniose-1-300x199.jpeg 300w, https:\/\/www.caririemacao.com\/1\/wp-content\/uploads\/2019\/07\/capacita\u00e7\u00e3o-sobre-Leishimaniose-1-768x511.jpeg 768w, https:\/\/www.caririemacao.com\/1\/wp-content\/uploads\/2019\/07\/capacita\u00e7\u00e3o-sobre-Leishimaniose-1.jpeg 1280w\" data-sizes=\"(max-width: 1024px) 100vw, 1024px\" src=\"data:image\/svg+xml;base64,PHN2ZyB3aWR0aD0iMSIgaGVpZ2h0PSIxIiB4bWxucz0iaHR0cDovL3d3dy53My5vcmcvMjAwMC9zdmciPjwvc3ZnPg==\" style=\"--smush-placeholder-width: 1024px; --smush-placeholder-aspect-ratio: 1024\/681;\" \/><\/figure>\n\n\n\n<p>A Leishmaniose Visceral \u00e9 uma zoonose de evolu\u00e7\u00e3o cr\u00f4nica, com acometimento sist\u00eamico e, se n\u00e3o tratada, pode levar a \u00f3bito at\u00e9 90% dos casos.<\/p>\n\n\n\n<p>&nbsp;Como a Leishmaniose Visceral \u00e9 transmitida?<\/p>\n\n\n\n<p>A Leishmaniose Visceral \u00e9 transmitida por meio da picada de insetos conhecidos popularmente como mosquito palha, asa-dura, tatuquiras, birigui, dentre outros. Estes insetos s\u00e3o pequenos e t\u00eam como caracter\u00edsticas a colora\u00e7\u00e3o amarelada ou de cor palha e, em posi\u00e7\u00e3o de repouso, suas asas permanecem eretas e semiabertas.<\/p>\n\n\n\n<p>A transmiss\u00e3o acontece quando f\u00eameas infectadas picam c\u00e3es ou outros animais infectados, e depois picam o homem, transmitindo o protozo\u00e1rio Leishmania chagasi, causador da&nbsp;Leishmaniose Visceral<\/p>\n","protected":false},"excerpt":{"rendered":"<p>Agentes Comunit\u00e1rios de Sa\u00fade recebem capacita\u00e7\u00e3o sobre Leishimaniose Na manh\u00e3 desta quarta-feira, os Agentes Comunit\u00e1rios de Sa\u00fade do munic\u00edpio de Monteiro estiveram reunidos para receber&hellip; <\/p>\n","protected":false},"author":1,"featured_media":106670,"comment_status":"closed","ping_status":"closed","sticky":false,"template":"","format":"standard","meta":{"sfsi_plus_gutenberg_text_before_share":"","sfsi_plus_gutenberg_show_text_before_share":"","sfsi_plus_gutenberg_icon_type":"","sfsi_plus_gutenberg_icon_alignemt":"","sfsi_plus_gutenburg_max_per_row":"","footnotes":""},"categories":[6,50],"tags":[],"class_list":["post-106669","post","type-post","status-publish","format-standard","has-post-thumbnail","hentry","category-cidades","category-destaque"],"_links":{"self":[{"href":"https:\/\/www.caririemacao.com\/1\/wp-json\/wp\/v2\/posts\/106669","targetHints":{"allow":["GET"]}}],"collection":[{"href":"https:\/\/www.caririemacao.com\/1\/wp-json\/wp\/v2\/posts"}],"about":[{"href":"https:\/\/www.caririemacao.com\/1\/wp-json\/wp\/v2\/types\/post"}],"author":[{"embeddable":true,"href":"https:\/\/www.caririemacao.com\/1\/wp-json\/wp\/v2\/users\/1"}],"replies":[{"embeddable":true,"href":"https:\/\/www.caririemacao.com\/1\/wp-json\/wp\/v2\/comments?post=106669"}],"version-history":[{"count":1,"href":"https:\/\/www.caririemacao.com\/1\/wp-json\/wp\/v2\/posts\/106669\/revisions"}],"predecessor-version":[{"id":106673,"href":"https:\/\/www.caririemacao.com\/1\/wp-json\/wp\/v2\/posts\/106669\/revisions\/106673"}],"wp:featuredmedia":[{"embeddable":true,"href":"https:\/\/www.caririemacao.com\/1\/wp-json\/wp\/v2\/media\/106670"}],"wp:attachment":[{"href":"https:\/\/www.caririemacao.com\/1\/wp-json\/wp\/v2\/media?parent=106669"}],"wp:term":[{"taxonomy":"category","embeddable":true,"href":"https:\/\/www.caririemacao.com\/1\/wp-json\/wp\/v2\/categories?post=106669"},{"taxonomy":"post_tag","embeddable":true,"href":"https:\/\/www.caririemacao.com\/1\/wp-json\/wp\/v2\/tags?post=106669"}],"curies":[{"name":"wp","href":"https:\/\/api.w.org\/{rel}","templated":true}]}}