{"id":106675,"date":"2019-07-25T13:22:49","date_gmt":"2019-07-25T16:22:49","guid":{"rendered":"http:\/\/www.caririemacao.com\/1\/?p=106675"},"modified":"2019-07-25T13:22:49","modified_gmt":"2019-07-25T16:22:49","slug":"secretaria-de-desenvolvimento-social-realiza-recadastramento-de-beneficiarios-do-leite","status":"publish","type":"post","link":"https:\/\/www.caririemacao.com\/1\/2019\/07\/25\/secretaria-de-desenvolvimento-social-realiza-recadastramento-de-beneficiarios-do-leite\/","title":{"rendered":"Secretaria de Desenvolvimento Social realiza recadastramento de benefici\u00e1rios do leite"},"content":{"rendered":"\n<p>A Secretaria de Desenvolvimento Social do munic\u00edpio de Monteiro est\u00e1 realizando nesta quinta e sexta-feira o recadastramento para os benefici\u00e1rios que recebem leite.<\/p>\n\n\n\n<figure class=\"wp-block-image\"><img fetchpriority=\"high\" decoding=\"async\" width=\"1024\" height=\"768\" src=\"http:\/\/www.caririemacao.com\/1\/wp-content\/uploads\/2019\/07\/Recadastramento-Leite-smds2-1024x768.jpeg\" alt=\"\" class=\"wp-image-106677\" srcset=\"https:\/\/www.caririemacao.com\/1\/wp-content\/uploads\/2019\/07\/Recadastramento-Leite-smds2-1024x768.jpeg 1024w, https:\/\/www.caririemacao.com\/1\/wp-content\/uploads\/2019\/07\/Recadastramento-Leite-smds2-300x225.jpeg 300w, https:\/\/www.caririemacao.com\/1\/wp-content\/uploads\/2019\/07\/Recadastramento-Leite-smds2-768x576.jpeg 768w, https:\/\/www.caririemacao.com\/1\/wp-content\/uploads\/2019\/07\/Recadastramento-Leite-smds2.jpeg 1040w\" sizes=\"(max-width: 1024px) 100vw, 1024px\" \/><\/figure>\n\n\n\n<p>O processo est\u00e1 acontecendo no Complexo de Gastronomia para os residentes nestes tr\u00eas pontos: Alto da Bela Vista, Mutir\u00e3o e Clube de M\u00e3es. Segundo a secret\u00e1ria da pasta, Rosa Aleixo, que est\u00e1 coordenando a a\u00e7\u00e3o, o n\u00e3o comparecimento pode implicar no n\u00e3o recebimento do novo cart\u00e3o que permite o benef\u00edcio.<\/p>\n\n\n\n<figure class=\"wp-block-image\"><img decoding=\"async\" width=\"768\" height=\"1024\" data-src=\"http:\/\/www.caririemacao.com\/1\/wp-content\/uploads\/2019\/07\/Recadastramento-Leite-smds1-768x1024.jpeg\" alt=\"\" class=\"wp-image-106676 lazyload\" data-srcset=\"https:\/\/www.caririemacao.com\/1\/wp-content\/uploads\/2019\/07\/Recadastramento-Leite-smds1-768x1024.jpeg 768w, https:\/\/www.caririemacao.com\/1\/wp-content\/uploads\/2019\/07\/Recadastramento-Leite-smds1-225x300.jpeg 225w, https:\/\/www.caririemacao.com\/1\/wp-content\/uploads\/2019\/07\/Recadastramento-Leite-smds1.jpeg 780w\" data-sizes=\"(max-width: 768px) 100vw, 768px\" src=\"data:image\/svg+xml;base64,PHN2ZyB3aWR0aD0iMSIgaGVpZ2h0PSIxIiB4bWxucz0iaHR0cDovL3d3dy53My5vcmcvMjAwMC9zdmciPjwvc3ZnPg==\" style=\"--smush-placeholder-width: 768px; --smush-placeholder-aspect-ratio: 768\/1024;\" \/><\/figure>\n\n\n\n<p>Outro ponto importante que a secret\u00e1ria destaca \u00e9 a import\u00e2ncia do programa que ajuda no balan\u00e7o nutricional da popula\u00e7\u00e3o que complementa sua alimenta\u00e7\u00e3o com o leite.<\/p>\n\n\n\n<p>\u201cNeste momento estamos realizando o recadastramento para realizar melhorias no programa. Em outra oportunidade realizaremos o cadastro, recebendo novas pessoas que poder\u00e3o ter acesso ao recebimento do leite\u201d, informa e finaliza a secret\u00e1ria Rosa Aleixo.<\/p>\n","protected":false},"excerpt":{"rendered":"<p>A Secretaria de Desenvolvimento Social do munic\u00edpio de Monteiro est\u00e1 realizando nesta quinta e sexta-feira o recadastramento para os benefici\u00e1rios que recebem leite. O processo&hellip; <\/p>\n","protected":false},"author":1,"featured_media":106676,"comment_status":"closed","ping_status":"closed","sticky":false,"template":"","format":"standard","meta":{"sfsi_plus_gutenberg_text_before_share":"","sfsi_plus_gutenberg_show_text_before_share":"","sfsi_plus_gutenberg_icon_type":"","sfsi_plus_gutenberg_icon_alignemt":"","sfsi_plus_gutenburg_max_per_row":"","footnotes":""},"categories":[6],"tags":[],"class_list":["post-106675","post","type-post","status-publish","format-standard","has-post-thumbnail","hentry","category-cidades"],"_links":{"self":[{"href":"https:\/\/www.caririemacao.com\/1\/wp-json\/wp\/v2\/posts\/106675","targetHints":{"allow":["GET"]}}],"collection":[{"href":"https:\/\/www.caririemacao.com\/1\/wp-json\/wp\/v2\/posts"}],"about":[{"href":"https:\/\/www.caririemacao.com\/1\/wp-json\/wp\/v2\/types\/post"}],"author":[{"embeddable":true,"href":"https:\/\/www.caririemacao.com\/1\/wp-json\/wp\/v2\/users\/1"}],"replies":[{"embeddable":true,"href":"https:\/\/www.caririemacao.com\/1\/wp-json\/wp\/v2\/comments?post=106675"}],"version-history":[{"count":1,"href":"https:\/\/www.caririemacao.com\/1\/wp-json\/wp\/v2\/posts\/106675\/revisions"}],"predecessor-version":[{"id":106678,"href":"https:\/\/www.caririemacao.com\/1\/wp-json\/wp\/v2\/posts\/106675\/revisions\/106678"}],"wp:featuredmedia":[{"embeddable":true,"href":"https:\/\/www.caririemacao.com\/1\/wp-json\/wp\/v2\/media\/106676"}],"wp:attachment":[{"href":"https:\/\/www.caririemacao.com\/1\/wp-json\/wp\/v2\/media?parent=106675"}],"wp:term":[{"taxonomy":"category","embeddable":true,"href":"https:\/\/www.caririemacao.com\/1\/wp-json\/wp\/v2\/categories?post=106675"},{"taxonomy":"post_tag","embeddable":true,"href":"https:\/\/www.caririemacao.com\/1\/wp-json\/wp\/v2\/tags?post=106675"}],"curies":[{"name":"wp","href":"https:\/\/api.w.org\/{rel}","templated":true}]}}