{"id":106679,"date":"2019-07-25T14:28:00","date_gmt":"2019-07-25T17:28:00","guid":{"rendered":"http:\/\/www.caririemacao.com\/1\/?p=106679"},"modified":"2019-07-25T14:28:00","modified_gmt":"2019-07-25T17:28:00","slug":"caririzeira-e-presa-suspeita-de-integrar-quadrilha-que-assaltou-carro-forte-na-uepb","status":"publish","type":"post","link":"https:\/\/www.caririemacao.com\/1\/2019\/07\/25\/caririzeira-e-presa-suspeita-de-integrar-quadrilha-que-assaltou-carro-forte-na-uepb\/","title":{"rendered":"Caririzeira \u00e9 presa suspeita de integrar quadrilha que assaltou carro forte na UEPB"},"content":{"rendered":"\n<p>Um grupo de seis pessoas foi preso na tarde dessa quarta-feira (24), no bairro Cinza, em Campina Grande, suspeito de envolvimento em roubos e explos\u00f5es contra institui\u00e7\u00f5es financeiras. Um dos presos \u00e9 suspeito de participar do assalto a um carro forte ocorrido em abril deste ano dentro da Universidade Estadual da Para\u00edba (UEPB).<\/p>\n\n\n\n<p>Segundo a Pol\u00edcia Civil, foram presos tr\u00eas homens e tr\u00eas mulheres, atrav\u00e9s da opera\u00e7\u00e3o intitulada Malote Blindado. Metade das pris\u00f5es foi em cumprimento a mandados de busca e apreens\u00e3o domiciliar. De acordo com a pol\u00edcia, cinco dos integrantes foram presos no momento em que estavam aplicando uma pel\u00edcula em um carro roubado.<\/p>\n\n\n\n<p>Na opera\u00e7\u00e3o, foram presas em flagrante uma mulher de 30 anos, moradora do bairro Cinza, uma de 19 anos, do bairro Tr\u00eas irm\u00e3s e uma de 20 anos, que reside na cidade de S\u00e3o Jo\u00e3o do Cariri, cariri da Para\u00edba. Os homens de 28, 47 e 19 anos, s\u00e3o respectivamente dos bairros Monte Castelo, Esta\u00e7\u00e3o Velha e Novo Cruzeiro, em Campina Grande.<\/p>\n\n\n\n<div class=\"wp-block-image\"><figure class=\"aligncenter\"><img decoding=\"async\" data-src=\"http:\/\/deolhonocariri.com.br\/wp-content\/uploads\/2019\/07\/WhatsApp-Image-2019-07-24-at-22.38.38-600x292.jpeg\" alt=\"\" class=\"wp-image-69557 lazyload\" src=\"data:image\/svg+xml;base64,PHN2ZyB3aWR0aD0iMSIgaGVpZ2h0PSIxIiB4bWxucz0iaHR0cDovL3d3dy53My5vcmcvMjAwMC9zdmciPjwvc3ZnPg==\" style=\"--smush-placeholder-width: 600px; --smush-placeholder-aspect-ratio: 600\/292;\" \/><\/figure><\/div>\n\n\n\n<p>Foram apreendidos com os suspeitos dois fuzis AR-15, calibre 556, uma escopeta calibre 12 com muni\u00e7\u00e3o, um carro com placa adulterada que foi roubado em Natal, no Rio Grande do Norte, e outro ve\u00edculo com 400 gramas de maconha no interior.<\/p>\n\n\n\n<h3 class=\"wp-block-heading\">Assalto na UEPB<\/h3>\n\n\n\n<p>Um dos homens \u00e9 apontado na investiga\u00e7\u00e3o como um dos respons\u00e1veis pelo assalto ao carro-forte ocorrido na UEPB. Com ele foi encontrado o crach\u00e1 da universidade, uma vez que ele trabalhava de office-boy para a institui\u00e7\u00e3o. Segundo a pol\u00edcia, a suspeita \u00e9 de que o homem realizou o levantamento do local do crime.<\/p>\n\n\n\n<p>A arma escopeta foi apreendida com ele e conforme a pol\u00edcia, ela \u00e9 a mesma que teria sido roubada de um dos vigilantes do carro-forte da universidade durante a a\u00e7\u00e3o criminosa. Alguns comparsas do homem fugiram no local da abordagem policial.<\/p>\n\n\n\n<p>O assalto a carro-forte na UEPB ocorreu no dia 1\u00ba de abril deste ano, quando os bandidos armados assaltaram um ve\u00edculo que abastecia a ag\u00eancia banc\u00e1ria que fica dentro do pr\u00e9dio.<\/p>\n\n\n\n<p>Na ocorr\u00eancia, houve tiroteio e a pol\u00edcia foi acionada ao local, mas os assaltantes j\u00e1 tinham fugido. Eles levaram um malote de dinheiro, uma arma, e deixaram um seguran\u00e7a e uma aluna baleados.<\/p>\n","protected":false},"excerpt":{"rendered":"<p>Um grupo de seis pessoas foi preso na tarde dessa quarta-feira (24), no bairro Cinza, em Campina Grande, suspeito de envolvimento em roubos e explos\u00f5es&hellip; <\/p>\n","protected":false},"author":1,"featured_media":88728,"comment_status":"closed","ping_status":"closed","sticky":false,"template":"","format":"standard","meta":{"sfsi_plus_gutenberg_text_before_share":"","sfsi_plus_gutenberg_show_text_before_share":"","sfsi_plus_gutenberg_icon_type":"","sfsi_plus_gutenberg_icon_alignemt":"","sfsi_plus_gutenburg_max_per_row":"","footnotes":""},"categories":[50,12],"tags":[],"class_list":["post-106679","post","type-post","status-publish","format-standard","has-post-thumbnail","hentry","category-destaque","category-policia"],"_links":{"self":[{"href":"https:\/\/www.caririemacao.com\/1\/wp-json\/wp\/v2\/posts\/106679","targetHints":{"allow":["GET"]}}],"collection":[{"href":"https:\/\/www.caririemacao.com\/1\/wp-json\/wp\/v2\/posts"}],"about":[{"href":"https:\/\/www.caririemacao.com\/1\/wp-json\/wp\/v2\/types\/post"}],"author":[{"embeddable":true,"href":"https:\/\/www.caririemacao.com\/1\/wp-json\/wp\/v2\/users\/1"}],"replies":[{"embeddable":true,"href":"https:\/\/www.caririemacao.com\/1\/wp-json\/wp\/v2\/comments?post=106679"}],"version-history":[{"count":1,"href":"https:\/\/www.caririemacao.com\/1\/wp-json\/wp\/v2\/posts\/106679\/revisions"}],"predecessor-version":[{"id":106681,"href":"https:\/\/www.caririemacao.com\/1\/wp-json\/wp\/v2\/posts\/106679\/revisions\/106681"}],"wp:featuredmedia":[{"embeddable":true,"href":"https:\/\/www.caririemacao.com\/1\/wp-json\/wp\/v2\/media\/88728"}],"wp:attachment":[{"href":"https:\/\/www.caririemacao.com\/1\/wp-json\/wp\/v2\/media?parent=106679"}],"wp:term":[{"taxonomy":"category","embeddable":true,"href":"https:\/\/www.caririemacao.com\/1\/wp-json\/wp\/v2\/categories?post=106679"},{"taxonomy":"post_tag","embeddable":true,"href":"https:\/\/www.caririemacao.com\/1\/wp-json\/wp\/v2\/tags?post=106679"}],"curies":[{"name":"wp","href":"https:\/\/api.w.org\/{rel}","templated":true}]}}