{"id":106687,"date":"2019-07-25T14:34:13","date_gmt":"2019-07-25T17:34:13","guid":{"rendered":"http:\/\/www.caririemacao.com\/1\/?p=106687"},"modified":"2019-07-25T14:34:13","modified_gmt":"2019-07-25T17:34:13","slug":"larissa-pereira-sera-a-primeira-paraibana-a-apresentar-o-jornal-nacional","status":"publish","type":"post","link":"https:\/\/www.caririemacao.com\/1\/2019\/07\/25\/larissa-pereira-sera-a-primeira-paraibana-a-apresentar-o-jornal-nacional\/","title":{"rendered":"Larissa Pereira ser\u00e1 a primeira paraibana a apresentar o Jornal Nacional"},"content":{"rendered":"\n<p>Em comemora\u00e7\u00e3o aos 50 anos do Jornal Nacional, da rede Globo, a emissora selecionou jornalistas dos principais telejornais do Brasil para realizarem um rod\u00edzio no comando da bancada. Na Para\u00edba, a escolhida foi a jornalista Larissa Pereira que atualmente apresenta o JPB2.<\/p>\n\n\n\n<p>A informa\u00e7\u00e3o foi confirmada pela jornalista atrav\u00e9s das suas redes sociais, nesta quarta-feira (24). A data da apresenta\u00e7\u00e3o de Larissa&nbsp;n\u00e3o foi confirmada,&nbsp;por\u00e9m o rod\u00edzio come\u00e7a dia 31 de agosto e ser\u00e1 aos s\u00e1bados.&nbsp;<\/p>\n\n\n\n<figure class=\"wp-block-image\"><img decoding=\"async\" data-src=\"https:\/\/www.clickpb.com.br\/media\/filer_public\/3d\/2e\/3d2e3dc7-fd2f-4ae9-87a0-7f7f77f76f44\/larissa_pereira.png\" alt=\"\" src=\"data:image\/svg+xml;base64,PHN2ZyB3aWR0aD0iMSIgaGVpZ2h0PSIxIiB4bWxucz0iaHR0cDovL3d3dy53My5vcmcvMjAwMC9zdmciPjwvc3ZnPg==\" class=\"lazyload\" \/><\/figure>\n\n\n\n<p>Um email foi enviado pelo editor-chefe do jornal William Bonner para todas as pra\u00e7as das emissoras confirmando os nomes escolhidos.&nbsp;<\/p>\n\n\n\n<p><strong>Confira o email enviado<\/strong><\/p>\n\n\n\n<p><em>Amigos, colegas das emissoras afiliadas,<\/em><\/p>\n\n\n\n<p><em>Depois de assistir aos v\u00eddeos que nos foram enviados, s\u00f3 pude confirmar a excel\u00eancia do trabalho de voc\u00eas. A Globo \u00e9 o que \u00e9 por ter o seu talento e o seu profissionalismo em cada momento do dia, em cada cidade brasileira. \u00c9 um orgulho pra mim, pra todos n\u00f3s da Globo, que quero compartilhar com voc\u00eas. Orgulhem-se. \u00c9 just\u00edssimo. Exatamente em nome da justi\u00e7a na escolha de nomes para representar os estados de cada afiliada, essa mesma qualidade nos impediu de aplicar qualquer crit\u00e9rio justo de sele\u00e7\u00e3o que n\u00e3o fosse o velho e bom sorteio. E acho que todos (apresentadores do Bom Dia, Pra\u00e7a 1 e Pra\u00e7a 2) ficar\u00e3o contentes em saber dessa nossa avalia\u00e7\u00e3o.&nbsp;<\/em><\/p>\n\n\n\n<p><em>Isto posto, encaminho a lista de representantes que foram convocados na &#8220;pescaria&#8221; de papeis dobrados: . Amap\u00e1: Aline Ferreira . Par\u00e1: Priscilla Castro . Rond\u00f4nia: Ana L\u00eddia Da\u00edbes . Maranh\u00e3o: Giovanni Spinucci . Cear\u00e1: Tais Lopes . Rio Grande do Norte: L\u00eddia Pace . Alagoas: Filipe Toledo . Sergipe: Lyderwan Santos Para\u00edba: Larissa Pereira . Bahia: J\u00e9ssica Senra . Goi\u00e1s: Matheus Ribeiro . Mato Grosso: Luzimar Collares . Esp\u00edrito Santo: Philipe Lemos . Santa Catarina: Fabian Londero . Rio Grande do Sul: Cristina Ranzolin . Pernambuco: M\u00e1rcio Bonfim . Distrito Federal: F\u00e1bio William . Minas Gerais: Aline Aguiar . Rio de Janeiro: Mariana Gross . S\u00e3o Paulo: Carlos Tramontina . Acre: Ayres Rocha . Amazonas: Luana Borba Roraima: Ellen Ferreira . Tocantins: Tiago Rogeh . Piau\u00ed: Marcelo Magno . Mato Grosso do Sul: Lucimar Lescano . Paran\u00e1: Sandro Dalp\u00edcolo.<\/em><\/p>\n\n\n\n<figure class=\"wp-block-image\"><img decoding=\"async\" data-src=\"https:\/\/www.clickpb.com.br\/media\/filer_public\/a5\/a4\/a5a4388b-953d-461d-a632-f57f2886f936\/larissa.jpg\" alt=\"\" src=\"data:image\/svg+xml;base64,PHN2ZyB3aWR0aD0iMSIgaGVpZ2h0PSIxIiB4bWxucz0iaHR0cDovL3d3dy53My5vcmcvMjAwMC9zdmciPjwvc3ZnPg==\" class=\"lazyload\" \/><\/figure>\n","protected":false},"excerpt":{"rendered":"<p>Em comemora\u00e7\u00e3o aos 50 anos do Jornal Nacional, da rede Globo, a emissora selecionou jornalistas dos principais telejornais do Brasil para realizarem um rod\u00edzio no&hellip; <\/p>\n","protected":false},"author":1,"featured_media":106688,"comment_status":"closed","ping_status":"closed","sticky":false,"template":"","format":"standard","meta":{"sfsi_plus_gutenberg_text_before_share":"","sfsi_plus_gutenberg_show_text_before_share":"","sfsi_plus_gutenberg_icon_type":"","sfsi_plus_gutenberg_icon_alignemt":"","sfsi_plus_gutenburg_max_per_row":"","footnotes":""},"categories":[2],"tags":[],"class_list":["post-106687","post","type-post","status-publish","format-standard","has-post-thumbnail","hentry","category-geral"],"_links":{"self":[{"href":"https:\/\/www.caririemacao.com\/1\/wp-json\/wp\/v2\/posts\/106687","targetHints":{"allow":["GET"]}}],"collection":[{"href":"https:\/\/www.caririemacao.com\/1\/wp-json\/wp\/v2\/posts"}],"about":[{"href":"https:\/\/www.caririemacao.com\/1\/wp-json\/wp\/v2\/types\/post"}],"author":[{"embeddable":true,"href":"https:\/\/www.caririemacao.com\/1\/wp-json\/wp\/v2\/users\/1"}],"replies":[{"embeddable":true,"href":"https:\/\/www.caririemacao.com\/1\/wp-json\/wp\/v2\/comments?post=106687"}],"version-history":[{"count":1,"href":"https:\/\/www.caririemacao.com\/1\/wp-json\/wp\/v2\/posts\/106687\/revisions"}],"predecessor-version":[{"id":106689,"href":"https:\/\/www.caririemacao.com\/1\/wp-json\/wp\/v2\/posts\/106687\/revisions\/106689"}],"wp:featuredmedia":[{"embeddable":true,"href":"https:\/\/www.caririemacao.com\/1\/wp-json\/wp\/v2\/media\/106688"}],"wp:attachment":[{"href":"https:\/\/www.caririemacao.com\/1\/wp-json\/wp\/v2\/media?parent=106687"}],"wp:term":[{"taxonomy":"category","embeddable":true,"href":"https:\/\/www.caririemacao.com\/1\/wp-json\/wp\/v2\/categories?post=106687"},{"taxonomy":"post_tag","embeddable":true,"href":"https:\/\/www.caririemacao.com\/1\/wp-json\/wp\/v2\/tags?post=106687"}],"curies":[{"name":"wp","href":"https:\/\/api.w.org\/{rel}","templated":true}]}}