{"id":106693,"date":"2019-07-25T14:39:11","date_gmt":"2019-07-25T17:39:11","guid":{"rendered":"http:\/\/www.caririemacao.com\/1\/?p=106693"},"modified":"2019-07-25T14:39:11","modified_gmt":"2019-07-25T17:39:11","slug":"uepb-divulga-quarta-chamada-da-lista-de-espera-do-sisu-2019","status":"publish","type":"post","link":"https:\/\/www.caririemacao.com\/1\/2019\/07\/25\/uepb-divulga-quarta-chamada-da-lista-de-espera-do-sisu-2019\/","title":{"rendered":"UEPB divulga quarta chamada da lista de espera do Sisu 2019"},"content":{"rendered":"\n<p>Pr\u00f3-Reitoria de Gradua\u00e7\u00e3o (PROGRAD) da Universidade Estadual da Para\u00edba (UEPB) divulgou, nesta quinta-feira (25), a quarta&nbsp;chamada da Lista de Espera do Sistema de Sele\u00e7\u00e3o Unificada (SiSU) 2019\/2. Os candidatos convocados nesta chamada devem efetuar matr\u00edcula nos dias 26, 29 e 30 de julho, das 7h \u00e0s 12h, na coordena\u00e7\u00e3o do curso para o qual foi aprovado.<br><a href=\"https:\/\/www.clickpb.com.br\/media\/filer_public\/3d\/04\/3d0459f4-295c-4175-b719-b9ddc73f564d\/sisu-20192-quarta-chamada-da-lista-de-espera.pdf\">Confira a quarta chamada<\/a><\/p>\n\n\n\n<p>Para a efetiva\u00e7\u00e3o da matr\u00edcula, os convocados devem entregar c\u00f3pias dos seguintes documentos (podendo optar por trazer os documentos autenticados ou os originais para que o servidor possa atestar a autenticidade): certificado de conclus\u00e3o do Ensino M\u00e9dio e Hist\u00f3rico Escolar; RG e CPF; prova de quita\u00e7\u00e3o com o Servi\u00e7o Militar (no caso de candidatos do sexo masculino); Registro de Nascimento ou Certid\u00e3o de Casamento; prova de quita\u00e7\u00e3o com o TRE, para maiores de 18 anos; e uma fotografia 3\u00d74 recente.<\/p>\n\n\n\n<p>A matr\u00edcula s\u00f3 ser\u00e1 permitida aos estudantes que apresentarem todos os documentos exigidos no Edital, n\u00e3o sendo permitida a complementa\u00e7\u00e3o de documentos posteriormente. Outras informa\u00e7\u00f5es podem ser obtidas pelo telefone (83) 3315-3350, ou no<a href=\"http:\/\/proreitorias.uepb.edu.br\/prograd\/sisu\/sisu-entrada-2019-2\/\">site do Prograd<\/a>.<\/p>\n","protected":false},"excerpt":{"rendered":"<p>Pr\u00f3-Reitoria de Gradua\u00e7\u00e3o (PROGRAD) da Universidade Estadual da Para\u00edba (UEPB) divulgou, nesta quinta-feira (25), a quarta&nbsp;chamada da Lista de Espera do Sistema de Sele\u00e7\u00e3o Unificada&hellip; <\/p>\n","protected":false},"author":1,"featured_media":83539,"comment_status":"closed","ping_status":"closed","sticky":false,"template":"","format":"standard","meta":{"sfsi_plus_gutenberg_text_before_share":"","sfsi_plus_gutenberg_show_text_before_share":"","sfsi_plus_gutenberg_icon_type":"","sfsi_plus_gutenberg_icon_alignemt":"","sfsi_plus_gutenburg_max_per_row":"","footnotes":""},"categories":[14],"tags":[],"class_list":["post-106693","post","type-post","status-publish","format-standard","has-post-thumbnail","hentry","category-educacao"],"_links":{"self":[{"href":"https:\/\/www.caririemacao.com\/1\/wp-json\/wp\/v2\/posts\/106693","targetHints":{"allow":["GET"]}}],"collection":[{"href":"https:\/\/www.caririemacao.com\/1\/wp-json\/wp\/v2\/posts"}],"about":[{"href":"https:\/\/www.caririemacao.com\/1\/wp-json\/wp\/v2\/types\/post"}],"author":[{"embeddable":true,"href":"https:\/\/www.caririemacao.com\/1\/wp-json\/wp\/v2\/users\/1"}],"replies":[{"embeddable":true,"href":"https:\/\/www.caririemacao.com\/1\/wp-json\/wp\/v2\/comments?post=106693"}],"version-history":[{"count":1,"href":"https:\/\/www.caririemacao.com\/1\/wp-json\/wp\/v2\/posts\/106693\/revisions"}],"predecessor-version":[{"id":106695,"href":"https:\/\/www.caririemacao.com\/1\/wp-json\/wp\/v2\/posts\/106693\/revisions\/106695"}],"wp:featuredmedia":[{"embeddable":true,"href":"https:\/\/www.caririemacao.com\/1\/wp-json\/wp\/v2\/media\/83539"}],"wp:attachment":[{"href":"https:\/\/www.caririemacao.com\/1\/wp-json\/wp\/v2\/media?parent=106693"}],"wp:term":[{"taxonomy":"category","embeddable":true,"href":"https:\/\/www.caririemacao.com\/1\/wp-json\/wp\/v2\/categories?post=106693"},{"taxonomy":"post_tag","embeddable":true,"href":"https:\/\/www.caririemacao.com\/1\/wp-json\/wp\/v2\/tags?post=106693"}],"curies":[{"name":"wp","href":"https:\/\/api.w.org\/{rel}","templated":true}]}}