{"id":106701,"date":"2019-07-25T14:47:09","date_gmt":"2019-07-25T17:47:09","guid":{"rendered":"http:\/\/www.caririemacao.com\/1\/?p=106701"},"modified":"2019-07-25T14:47:09","modified_gmt":"2019-07-25T17:47:09","slug":"ministerio-da-saude-diz-que-mais-da-metade-da-populacao-brasileira-esta-acima-do-peso","status":"publish","type":"post","link":"https:\/\/www.caririemacao.com\/1\/2019\/07\/25\/ministerio-da-saude-diz-que-mais-da-metade-da-populacao-brasileira-esta-acima-do-peso\/","title":{"rendered":"Minist\u00e9rio da Sa\u00fade diz que mais da metade da popula\u00e7\u00e3o brasileira est\u00e1 acima do peso"},"content":{"rendered":"\n<p>Mais da metade da popula\u00e7\u00e3o est\u00e1 acima do peso e a obesidade atinge um a cada cinco brasileiros, segundo dados da Pesquisa de Vigil\u00e2ncia de Fatores de Risco e Prote\u00e7\u00e3o para Doen\u00e7as cr\u00f4nicas por Inqu\u00e9rito Telef\u00f4nico (Vigitel) de 2018, divulgada na manh\u00e3 desta quarta-feira (25).<\/p>\n\n\n\n<p>De acordo com o levantamento, 55,7% dos entrevistados t\u00eam excesso de peso &#8211; aumento de 30,8% desde 2006, quando o Minist\u00e9rio da Sa\u00fade come\u00e7ou a realizar a pesquisa. Naquele ano, 42,6% dos brasileiros estavam acima do peso.<\/p>\n\n\n\n<p>J\u00e1 em rela\u00e7\u00e3o \u00e0 obesidade, entre 2006 e 2018 a porcentagem de pessoas aumentou de 11,8% para 19,8%, maior \u00edndice registrado em todo o per\u00edodo. Apesar do recorde, o valor \u00e9 considerado est\u00e1vel desde 2015, quando a porcentagem foi de 18,9%.<\/p>\n\n\n\n<p>A Vigitel \u00e9 realizada anualmente pelo Minist\u00e9rio da Sa\u00fade por meio de entrevistas telef\u00f4nicas. A edi\u00e7\u00e3o de 2018 foi elaborada com base em 52.395 entrevistas entre fevereiro e dezembro do ano passado, feitas com pessoas com mais de 18 anos nas 26 capitais brasileiras e no Distrito Federal. O crit\u00e9rio utilizado para a avalia\u00e7\u00e3o do sobrepeso e obesidade \u00e9 o \u00cdndice de Massa Corporal (IMC) \u2013 a partir dele, \u00e9 poss\u00edvel identificar complica\u00e7\u00f5es metab\u00f3licas e riscos para a sa\u00fade.<\/p>\n\n\n\n<p><strong>Crescimento maior em adultos<\/strong><\/p>\n\n\n\n<p>Segundo a pesquisa, o crescimento da obesidade foi maior entre adultos nas faixas de 25 a 34 anos e de 35 a 44 anos.<\/p>\n\n\n\n<p>Entre os homens, o sobrepeso \u00e9 mais comum, mas a obesidade \u00e9 &#8220;ligeiramente maior&#8221; nas mulheres: em 2018, 20,7% delas tinham obesidade, contra 18,7% dos homens.<\/p>\n\n\n\n<p>&#8220;O Minist\u00e9rio da Sa\u00fade vem trabalhando com publica\u00e7\u00f5es para incentivar o uso de hortali\u00e7as e verduras, frutas locais. Incentivando tamb\u00e9m a economia local, como tamb\u00e9m o consumo de material mais fresco.&#8221;, disse Wanderson Kl\u00e9ber de Oliveira, Secret\u00e1rio de Vigil\u00e2ncia em Sa\u00fade Minist\u00e9rio da Sa\u00fade.<\/p>\n\n\n\n<p>&#8220;N\u00f3s tivemos excesso de peso principalmente entre 55 e 64 anos e numa popula\u00e7\u00e3o com menos escolaridade, tem a monotonia alimentar, ent\u00e3o o acesso a alimentos mais frescos e saud\u00e1veis pode ampliar bastante esses indicadores. Esperamos que isso se reflita na pesquisa deste ano.&#8221;<\/p>\n\n\n\n<p><strong>H\u00e1bitos alimentares e exerc\u00edcios<\/strong><\/p>\n\n\n\n<p>Apesar do aumento nos \u00edndices de sobrepeso e obesidade, o brasileiro tem se alimentado melhor e feito mais exerc\u00edcios f\u00edsicos, indica a Vigitel.<\/p>\n\n\n\n<p>O levantamento identificou tamb\u00e9m que entre 2009 e 2018 houve um aumento de pessoas que praticam pelo menos 150 minutos por semana de alguma atividade f\u00edsica no tempo livre. H\u00e1 dez anos, esse h\u00e1bito era mantido por 30,3% da popula\u00e7\u00e3o. Em 2018, o \u00edndice subiu para 38,1%.<\/p>\n\n\n\n<p>O grupo demogr\u00e1fico que mais viu aumentar o \u00edndice de praticantes de atividades f\u00edsicas foi o da faixa et\u00e1ria entre 35 e 44 anos e, em 2018, o \u00edndice de inatividade (sedentarismo) entre as mulheres foi de 14,2%, contra 13% dos homens.<\/p>\n\n\n\n<p>Por outro lado, as mulheres s\u00e3o as que mant\u00eam alimenta\u00e7\u00e3o mais saud\u00e1vel. A Organiza\u00e7\u00e3o Mundial da Sa\u00fade (OMS) recomenda que a popula\u00e7\u00e3o consuma cinco por\u00e7\u00f5es di\u00e1rias de frutas e hortali\u00e7as pelo menos cinco vezes por semana. A pesquisa telef\u00f4nica identificou que, entre 2008 e 2018, cresceu de 20% para 23,1% a quantidade de brasileiros que segue essa orienta\u00e7\u00e3o.<\/p>\n\n\n\n<p>Considerando apenas as mulheres, esse n\u00famero foi de 27,2%. J\u00e1 18,4% dos homens seguem a recomenda\u00e7\u00e3o da OMS.<\/p>\n\n\n\n<p>&#8220;Outra importante mudan\u00e7a&#8221;, diz a Vigitel \u00e9 a queda expressiva de consumo regular de refrigerante e suco artificial entre adultos, que caiu para cerca da metade entre 2007 e 2018. No ano passado, 17,7% dos homens ingeriam as bebidas regularmente, contra 11,6% das mulheres.<\/p>\n","protected":false},"excerpt":{"rendered":"<p>Mais da metade da popula\u00e7\u00e3o est\u00e1 acima do peso e a obesidade atinge um a cada cinco brasileiros, segundo dados da Pesquisa de Vigil\u00e2ncia de&hellip; <\/p>\n","protected":false},"author":1,"featured_media":106702,"comment_status":"closed","ping_status":"closed","sticky":false,"template":"","format":"standard","meta":{"sfsi_plus_gutenberg_text_before_share":"","sfsi_plus_gutenberg_show_text_before_share":"","sfsi_plus_gutenberg_icon_type":"","sfsi_plus_gutenberg_icon_alignemt":"","sfsi_plus_gutenburg_max_per_row":"","footnotes":""},"categories":[16],"tags":[],"class_list":["post-106701","post","type-post","status-publish","format-standard","has-post-thumbnail","hentry","category-saude"],"_links":{"self":[{"href":"https:\/\/www.caririemacao.com\/1\/wp-json\/wp\/v2\/posts\/106701","targetHints":{"allow":["GET"]}}],"collection":[{"href":"https:\/\/www.caririemacao.com\/1\/wp-json\/wp\/v2\/posts"}],"about":[{"href":"https:\/\/www.caririemacao.com\/1\/wp-json\/wp\/v2\/types\/post"}],"author":[{"embeddable":true,"href":"https:\/\/www.caririemacao.com\/1\/wp-json\/wp\/v2\/users\/1"}],"replies":[{"embeddable":true,"href":"https:\/\/www.caririemacao.com\/1\/wp-json\/wp\/v2\/comments?post=106701"}],"version-history":[{"count":1,"href":"https:\/\/www.caririemacao.com\/1\/wp-json\/wp\/v2\/posts\/106701\/revisions"}],"predecessor-version":[{"id":106703,"href":"https:\/\/www.caririemacao.com\/1\/wp-json\/wp\/v2\/posts\/106701\/revisions\/106703"}],"wp:featuredmedia":[{"embeddable":true,"href":"https:\/\/www.caririemacao.com\/1\/wp-json\/wp\/v2\/media\/106702"}],"wp:attachment":[{"href":"https:\/\/www.caririemacao.com\/1\/wp-json\/wp\/v2\/media?parent=106701"}],"wp:term":[{"taxonomy":"category","embeddable":true,"href":"https:\/\/www.caririemacao.com\/1\/wp-json\/wp\/v2\/categories?post=106701"},{"taxonomy":"post_tag","embeddable":true,"href":"https:\/\/www.caririemacao.com\/1\/wp-json\/wp\/v2\/tags?post=106701"}],"curies":[{"name":"wp","href":"https:\/\/api.w.org\/{rel}","templated":true}]}}