{"id":106708,"date":"2019-07-25T14:52:16","date_gmt":"2019-07-25T17:52:16","guid":{"rendered":"http:\/\/www.caririemacao.com\/1\/?p=106708"},"modified":"2019-07-25T14:52:16","modified_gmt":"2019-07-25T17:52:16","slug":"uso-abusivo-de-bebida-alcoolica-cresce-147-no-pais","status":"publish","type":"post","link":"https:\/\/www.caririemacao.com\/1\/2019\/07\/25\/uso-abusivo-de-bebida-alcoolica-cresce-147-no-pais\/","title":{"rendered":"Uso abusivo de bebida alco\u00f3lica cresce 14,7% no pa\u00eds"},"content":{"rendered":"\n<p>Em 13 anos, o uso abusivo de bebida alco\u00f3lica aumentou no pa\u00eds, chegando a atingir 17,9% da popula\u00e7\u00e3o adulta. De acordo com dados reunidos pelo Minist\u00e9rio da Sa\u00fade, no ano passado, o percentual era 14,7% maior do que o registrado em 2006 (15,6%). O dado consta da Pesquisa de Vigil\u00e2ncia de Fatores de Risco e Prote\u00e7\u00e3o para Doen\u00e7as Cr\u00f4nicas por Inqu\u00e9rito Telef\u00f4nico (Vigitel), divulgada hoje (25).<br><\/p>\n\n\n\n<p>No per\u00edodo, o maior crescimento se deu entre as mulheres. O percentual (11%), por\u00e9m, continua sendo mais baixo do que o dos homens (26%). No in\u00edcio da an\u00e1lise, os percentuais eram de 7,7% e 24,8%, respectivamente.<\/p>\n\n\n\n<p>Conforme destaca o minist\u00e9rio, entre mulheres, considera-se uso abusivo de \u00e1lcool a ingest\u00e3o de quatro ou mais doses em uma mesma ocasi\u00e3o, nos \u00faltimos 30 dias. J\u00e1 no caso de homens, o comportamento se configura quando h\u00e1 ingest\u00e3o de cinco ou mais doses.&nbsp;<\/p>\n\n\n\n<p>O comportamento \u00e9 visto com mais frequ\u00eancia entre grupos populacionais mais jovens e tende a diminuir \u00e0 medida que a idade avan\u00e7a. Segundo a Vigitel, h\u00e1 preponder\u00e2ncia entre homens de 25 a 34 anos (34,2%) e mulheres de 18 a 24 anos (18%). J\u00e1 entre mulheres com mais de 65 anos, o percentual \u00e9 de somente 2%, o que representa 5,2% a menos do que em homens da mesma idade (7,2%).<\/p>\n\n\n\n<p>O uso abusivo de bebidas alco\u00f3licas \u00e9 um fator de risco que contribui para a ocorr\u00eancia de acidentes de tr\u00e2nsito e para a suscetibilidade a Doen\u00e7as Cr\u00f4nicas N\u00e3o Transmiss\u00edveis (DCNTs), que abrangem c\u00e2ncer, doen\u00e7as respirat\u00f3rias cr\u00f4nicas e cardiovasculares, como o acidente vascular cerebral (AVC). Na perspectiva da Organiza\u00e7\u00e3o Mundial da Sa\u00fade (OMS), n\u00e3o h\u00e1 volume de \u00e1lcool que possa ser classificado como &#8220;seguro&#8221;, uma vez que a subst\u00e2ncia \u00e9 t\u00f3xica para o organismo humano.<\/p>\n\n\n\n<p><strong>Mortalidade&nbsp; &nbsp; &nbsp; &nbsp; &nbsp; &nbsp; &nbsp; &nbsp; &nbsp; &nbsp; &nbsp;&nbsp;<\/strong><br>O Minist\u00e9rio da Sa\u00fade calcula que 1,45% do total de \u00f3bitos registrados entre 2000 e 2017 pode ser &#8220;totalmente atribu\u00eddo&#8221; \u00e0 ingest\u00e3o abusiva de bebidas, como doen\u00e7a hep\u00e1tica alco\u00f3lica. A estat\u00edstica prova que a vulnerabilidade dos homens est\u00e1 diretamente relacionada \u00e0 embriaguez. Eles morrem aproximadamente nove vezes mais do que as mulheres por causas ligadas exclusivamente ao \u00e1lcool.<\/p>\n\n\n\n<p>Em coletiva, o secret\u00e1rio de Vigil\u00e2ncia em Sa\u00fade, Wanderson Oliveira, afirmou que &#8220;a melhor estrat\u00e9gia&#8221; do poder p\u00fablico \u00e9 orientar a popula\u00e7\u00e3o por meio de campanhas que evidenciem os malef\u00edcios das bebidas alco\u00f3licas. Atualmente, o governo federal oferece, por meio da Pol\u00edtica Nacional de Sa\u00fade Mental, atendimento a pessoas que sofrem de depend\u00eancia do \u00e1lcool (alcoolismo). O atendimento \u00e9 disponibilizado gratuitamente, das unidades do Centro de Aten\u00e7\u00e3o Psicossocial (CAPS).<\/p>\n","protected":false},"excerpt":{"rendered":"<p>Em 13 anos, o uso abusivo de bebida alco\u00f3lica aumentou no pa\u00eds, chegando a atingir 17,9% da popula\u00e7\u00e3o adulta. De acordo com dados reunidos pelo&hellip; <\/p>\n","protected":false},"author":1,"featured_media":9240,"comment_status":"closed","ping_status":"closed","sticky":false,"template":"","format":"standard","meta":{"sfsi_plus_gutenberg_text_before_share":"","sfsi_plus_gutenberg_show_text_before_share":"","sfsi_plus_gutenberg_icon_type":"","sfsi_plus_gutenberg_icon_alignemt":"","sfsi_plus_gutenburg_max_per_row":"","footnotes":""},"categories":[2],"tags":[],"class_list":["post-106708","post","type-post","status-publish","format-standard","has-post-thumbnail","hentry","category-geral"],"_links":{"self":[{"href":"https:\/\/www.caririemacao.com\/1\/wp-json\/wp\/v2\/posts\/106708","targetHints":{"allow":["GET"]}}],"collection":[{"href":"https:\/\/www.caririemacao.com\/1\/wp-json\/wp\/v2\/posts"}],"about":[{"href":"https:\/\/www.caririemacao.com\/1\/wp-json\/wp\/v2\/types\/post"}],"author":[{"embeddable":true,"href":"https:\/\/www.caririemacao.com\/1\/wp-json\/wp\/v2\/users\/1"}],"replies":[{"embeddable":true,"href":"https:\/\/www.caririemacao.com\/1\/wp-json\/wp\/v2\/comments?post=106708"}],"version-history":[{"count":1,"href":"https:\/\/www.caririemacao.com\/1\/wp-json\/wp\/v2\/posts\/106708\/revisions"}],"predecessor-version":[{"id":106709,"href":"https:\/\/www.caririemacao.com\/1\/wp-json\/wp\/v2\/posts\/106708\/revisions\/106709"}],"wp:featuredmedia":[{"embeddable":true,"href":"https:\/\/www.caririemacao.com\/1\/wp-json\/wp\/v2\/media\/9240"}],"wp:attachment":[{"href":"https:\/\/www.caririemacao.com\/1\/wp-json\/wp\/v2\/media?parent=106708"}],"wp:term":[{"taxonomy":"category","embeddable":true,"href":"https:\/\/www.caririemacao.com\/1\/wp-json\/wp\/v2\/categories?post=106708"},{"taxonomy":"post_tag","embeddable":true,"href":"https:\/\/www.caririemacao.com\/1\/wp-json\/wp\/v2\/tags?post=106708"}],"curies":[{"name":"wp","href":"https:\/\/api.w.org\/{rel}","templated":true}]}}