{"id":106714,"date":"2019-07-25T14:56:33","date_gmt":"2019-07-25T17:56:33","guid":{"rendered":"http:\/\/www.caririemacao.com\/1\/?p=106714"},"modified":"2019-07-25T14:56:33","modified_gmt":"2019-07-25T17:56:33","slug":"fabricante-de-protese-de-silicone-anuncia-recall-de-tres-tipos-do-produto-no-brasil","status":"publish","type":"post","link":"https:\/\/www.caririemacao.com\/1\/2019\/07\/25\/fabricante-de-protese-de-silicone-anuncia-recall-de-tres-tipos-do-produto-no-brasil\/","title":{"rendered":"Fabricante de pr\u00f3tese de silicone anuncia recall de tr\u00eas tipos do produto no Brasil"},"content":{"rendered":"\n<p>fabricante Allergan, que atua no setor de cuidados com a sa\u00fade, anunciou nesta quarta-feira (24) um recall em todo o mundo de seus implantes de seios feitos de silicone texturizado. A decis\u00e3o atende um pedido da ag\u00eancia reguladora de medicamentos dos Estados Unidos, a Food and Drug Administration (FDA, na sigla em ingl\u00eas) motivado por novas informa\u00e7\u00f5es sobre a incid\u00eancia de linfoma anapl\u00e1sico de grandes c\u00e9lulas (ALCL) relacionada a implantes de seios.<\/p>\n\n\n\n<p>A ag\u00eancia afirmou que pr\u00f3teses mam\u00e1rias feitos com silicone texturizado est\u00e3o associados a um tipo raro de c\u00e2ncer. Em todo o mundo, h\u00e1 registros de 573 casos desses tipos de c\u00e2ncer e 33 mortes. Desse total, 481 casos e 12 mortes foram atribu\u00eddas aos implantes da Allergan, segundo a ag\u00eancia americana.<\/p>\n\n\n\n<p>A ag\u00eancia esclareceu que as pessoas que n\u00e3o apresentam sintomas da doen\u00e7a, como incha\u00e7o ou ac\u00famulo de l\u00edquido ao redor do implante, n\u00e3o precisam fazer cirurgia para retirar a pr\u00f3tese.<\/p>\n\n\n\n<p>No Brasil, o recolhimento volunt\u00e1rio ser\u00e1 dos seguintes produtos:<\/p>\n\n\n\n<ul class=\"wp-block-list\"><li>Natrelle Expansor Tissular<\/li><li>Natrelle Implante Mam\u00e1rio Texturizado<\/li><li>Natrelle Implante Mam\u00e1rio Duplo L\u00famen<\/li><\/ul>\n\n\n\n<p>A Allergan est\u00e1 \u00e0 disposi\u00e7\u00e3o para esclarecer d\u00favidas de pacientes e m\u00e9dicos pelo telefone 0800 14 4077, de segunda a sexta, das 8h \u00e0s 17h.<\/p>\n","protected":false},"excerpt":{"rendered":"<p>fabricante Allergan, que atua no setor de cuidados com a sa\u00fade, anunciou nesta quarta-feira (24) um recall em todo o mundo de seus implantes de&hellip; <\/p>\n","protected":false},"author":1,"featured_media":106715,"comment_status":"closed","ping_status":"closed","sticky":false,"template":"","format":"standard","meta":{"sfsi_plus_gutenberg_text_before_share":"","sfsi_plus_gutenberg_show_text_before_share":"","sfsi_plus_gutenberg_icon_type":"","sfsi_plus_gutenberg_icon_alignemt":"","sfsi_plus_gutenburg_max_per_row":"","footnotes":""},"categories":[16],"tags":[],"class_list":["post-106714","post","type-post","status-publish","format-standard","has-post-thumbnail","hentry","category-saude"],"_links":{"self":[{"href":"https:\/\/www.caririemacao.com\/1\/wp-json\/wp\/v2\/posts\/106714","targetHints":{"allow":["GET"]}}],"collection":[{"href":"https:\/\/www.caririemacao.com\/1\/wp-json\/wp\/v2\/posts"}],"about":[{"href":"https:\/\/www.caririemacao.com\/1\/wp-json\/wp\/v2\/types\/post"}],"author":[{"embeddable":true,"href":"https:\/\/www.caririemacao.com\/1\/wp-json\/wp\/v2\/users\/1"}],"replies":[{"embeddable":true,"href":"https:\/\/www.caririemacao.com\/1\/wp-json\/wp\/v2\/comments?post=106714"}],"version-history":[{"count":1,"href":"https:\/\/www.caririemacao.com\/1\/wp-json\/wp\/v2\/posts\/106714\/revisions"}],"predecessor-version":[{"id":106716,"href":"https:\/\/www.caririemacao.com\/1\/wp-json\/wp\/v2\/posts\/106714\/revisions\/106716"}],"wp:featuredmedia":[{"embeddable":true,"href":"https:\/\/www.caririemacao.com\/1\/wp-json\/wp\/v2\/media\/106715"}],"wp:attachment":[{"href":"https:\/\/www.caririemacao.com\/1\/wp-json\/wp\/v2\/media?parent=106714"}],"wp:term":[{"taxonomy":"category","embeddable":true,"href":"https:\/\/www.caririemacao.com\/1\/wp-json\/wp\/v2\/categories?post=106714"},{"taxonomy":"post_tag","embeddable":true,"href":"https:\/\/www.caririemacao.com\/1\/wp-json\/wp\/v2\/tags?post=106714"}],"curies":[{"name":"wp","href":"https:\/\/api.w.org\/{rel}","templated":true}]}}