{"id":106722,"date":"2019-07-25T15:28:59","date_gmt":"2019-07-25T18:28:59","guid":{"rendered":"http:\/\/www.caririemacao.com\/1\/?p=106722"},"modified":"2019-07-25T15:28:59","modified_gmt":"2019-07-25T18:28:59","slug":"herdeiro-da-oas-morre-depois-de-infarto-em-audiencia-da-lava-jato","status":"publish","type":"post","link":"https:\/\/www.caririemacao.com\/1\/2019\/07\/25\/herdeiro-da-oas-morre-depois-de-infarto-em-audiencia-da-lava-jato\/","title":{"rendered":"Herdeiro da OAS morre depois de infarto em audi\u00eancia da Lava Jato"},"content":{"rendered":"\n<p>&nbsp;empreiteiro Cesar Mata Pires Filho morreu nesta quinta (25), v\u00edtima de um infarto. A informa\u00e7\u00e3o foi confirmada por um de seus familiares. O empres\u00e1rio, que tinha 41 anos, passou mal no come\u00e7o do m\u00eas, em uma audi\u00eancia na 13\u00aa Vara Federal de Curitiba. Ele era investigado pelo suposto pagamento de propinas ao PT na constru\u00e7\u00e3o de um pr\u00e9dio da Petrobras em Salvador.<br><\/p>\n\n\n\n<p>Mata Pires estava respondendo a perguntas do juiz Luiz Antonio Bonat quando come\u00e7ou a se sentir mal e bateu com a cabe\u00e7a em uma mesa.<\/p>\n\n\n\n<p>Socorrido, ele foi hospitalizado e passou por um procedimento cir\u00fargico. Foi transferido para S\u00e3o Paulo, onde permaneceu internado e acabou morrendo.<\/p>\n\n\n\n<p>O empreiteiro chegou a ser preso no ano passado e foi solto depois de pagar uma fian\u00e7a de R$ 28,9 milh\u00f5es.<\/p>\n\n\n\n<figure class=\"wp-block-image\"><img decoding=\"async\" data-src=\"https:\/\/thumbor.clickpb.com.br\/k5jdtbD25qAtYBpMWhSUt5W29Ek=\/876x585\/top\/smart\/www.clickpb.com.br\/media\/filer_public\/e8\/fb\/e8fb773c-7d37-415f-a8fe-bb546f709cb8\/empesario.jpg\" alt=\"\" src=\"data:image\/svg+xml;base64,PHN2ZyB3aWR0aD0iMSIgaGVpZ2h0PSIxIiB4bWxucz0iaHR0cDovL3d3dy53My5vcmcvMjAwMC9zdmciPjwvc3ZnPg==\" class=\"lazyload\" \/><\/figure>\n","protected":false},"excerpt":{"rendered":"<p>&nbsp;empreiteiro Cesar Mata Pires Filho morreu nesta quinta (25), v\u00edtima de um infarto. A informa\u00e7\u00e3o foi confirmada por um de seus familiares. O empres\u00e1rio, que&hellip; <\/p>\n","protected":false},"author":1,"featured_media":22534,"comment_status":"closed","ping_status":"closed","sticky":false,"template":"","format":"standard","meta":{"sfsi_plus_gutenberg_text_before_share":"","sfsi_plus_gutenberg_show_text_before_share":"","sfsi_plus_gutenberg_icon_type":"","sfsi_plus_gutenberg_icon_alignemt":"","sfsi_plus_gutenburg_max_per_row":"","footnotes":""},"categories":[2],"tags":[],"class_list":["post-106722","post","type-post","status-publish","format-standard","has-post-thumbnail","hentry","category-geral"],"_links":{"self":[{"href":"https:\/\/www.caririemacao.com\/1\/wp-json\/wp\/v2\/posts\/106722","targetHints":{"allow":["GET"]}}],"collection":[{"href":"https:\/\/www.caririemacao.com\/1\/wp-json\/wp\/v2\/posts"}],"about":[{"href":"https:\/\/www.caririemacao.com\/1\/wp-json\/wp\/v2\/types\/post"}],"author":[{"embeddable":true,"href":"https:\/\/www.caririemacao.com\/1\/wp-json\/wp\/v2\/users\/1"}],"replies":[{"embeddable":true,"href":"https:\/\/www.caririemacao.com\/1\/wp-json\/wp\/v2\/comments?post=106722"}],"version-history":[{"count":1,"href":"https:\/\/www.caririemacao.com\/1\/wp-json\/wp\/v2\/posts\/106722\/revisions"}],"predecessor-version":[{"id":106724,"href":"https:\/\/www.caririemacao.com\/1\/wp-json\/wp\/v2\/posts\/106722\/revisions\/106724"}],"wp:featuredmedia":[{"embeddable":true,"href":"https:\/\/www.caririemacao.com\/1\/wp-json\/wp\/v2\/media\/22534"}],"wp:attachment":[{"href":"https:\/\/www.caririemacao.com\/1\/wp-json\/wp\/v2\/media?parent=106722"}],"wp:term":[{"taxonomy":"category","embeddable":true,"href":"https:\/\/www.caririemacao.com\/1\/wp-json\/wp\/v2\/categories?post=106722"},{"taxonomy":"post_tag","embeddable":true,"href":"https:\/\/www.caririemacao.com\/1\/wp-json\/wp\/v2\/tags?post=106722"}],"curies":[{"name":"wp","href":"https:\/\/api.w.org\/{rel}","templated":true}]}}