{"id":106730,"date":"2019-07-25T15:32:28","date_gmt":"2019-07-25T18:32:28","guid":{"rendered":"http:\/\/www.caririemacao.com\/1\/?p=106730"},"modified":"2019-07-25T15:32:28","modified_gmt":"2019-07-25T18:32:28","slug":"apos-16-anos-estados-unidos-retomarao-pena-de-morte-em-nivel-federal","status":"publish","type":"post","link":"https:\/\/www.caririemacao.com\/1\/2019\/07\/25\/apos-16-anos-estados-unidos-retomarao-pena-de-morte-em-nivel-federal\/","title":{"rendered":"Ap\u00f3s 16 anos, Estados Unidos retomar\u00e3o pena de morte em n\u00edvel federal"},"content":{"rendered":"\n<p>procurador-geral dos Estados Unidos, Bill Barr, anunciou nesta quinta-feira (25) que o governo federal retomar\u00e1 a pr\u00e1tica da pena capital, ap\u00f3s um intervalo de 16 anos.<\/p>\n\n\n\n<p>&#8220;O Departamento de Justi\u00e7a defende o Estado de direito, e devemos \u00e0s v\u00edtimas e \u00e0s suas fam\u00edlias levar adiante a senten\u00e7a imposta por nosso Sistema Judici\u00e1rio&#8221;, declarou Barr.<\/p>\n\n\n\n<p>J\u00e1 foram marcadas as datas das execu\u00e7\u00f5es de cinco indiv\u00edduos sentenciados \u00e0 morte por assassinato. Eles ser\u00e3o executados na penitenci\u00e1ria de Terre Haute, em Indiana.<\/p>\n\n\n\n<p>O primeiro condenado ser\u00e1 executado em 9 de dezembro de 2019. Trata-se de Daniel Lewis Lee membro de um grupo racista que assassinou tr\u00eas pessoas de uma mesma fam\u00edlia. Entre as v\u00edtimas, estava uma menina de oito anos.<\/p>\n\n\n\n<p>De acordo com o Departamento de Justi\u00e7a, todos estes condenados esgotaram seus recursos de apela\u00e7\u00e3o, n\u00e3o havendo qualquer impedimento para sua execu\u00e7\u00e3o.<\/p>\n\n\n\n<p>Seguindo a orienta\u00e7\u00e3o do presidente Donald Trump, que reivindicava a ado\u00e7\u00e3o de senten\u00e7as mais duras para crimes violentos, Barr determinou ao Escrit\u00f3rio Federal de Pres\u00eddios (BOP, na sigla em ingl\u00eas) que adote um novo protocolo para inje\u00e7\u00e3o letal, a exemplo de 14 estados.<\/p>\n\n\n\n<p>O objetivo \u00e9 abrir caminho para a execu\u00e7\u00e3o de penas de morte.<\/p>\n\n\n\n<p>No ano passado, houve 25 execu\u00e7\u00f5es nos Estados Unidos. Todas foram realizadas por autoridades estaduais para pessoas condenadas por acusa\u00e7\u00f5es tamb\u00e9m no \u00e2mbito estadual, e n\u00e3o federais.<\/p>\n\n\n\n<p>O governo federal tem cerca de 60 pessoas no corredor da morte nas pris\u00f5es federais.<\/p>\n\n\n\n<p>Devido aos debates sobre os m\u00e9todos de execu\u00e7\u00e3o e a pol\u00eamicas sobre as drogas usadas, al\u00e9m das reservas do presidente anterior, o democrata Barack Obama, nenhum detento federal foi executado desde 2003.<\/p>\n\n\n\n<p>Barr ordenou que o BOP execute o procedimento por meio de uma \u00fanica inje\u00e7\u00e3o letal de fenobarbital (fenobarbitona), um barbit\u00farico que substitui um m\u00e9todo que usava tr\u00eas drogas diferentes.<\/p>\n","protected":false},"excerpt":{"rendered":"<p>procurador-geral dos Estados Unidos, Bill Barr, anunciou nesta quinta-feira (25) que o governo federal retomar\u00e1 a pr\u00e1tica da pena capital, ap\u00f3s um intervalo de 16&hellip; <\/p>\n","protected":false},"author":1,"featured_media":106731,"comment_status":"closed","ping_status":"closed","sticky":false,"template":"","format":"standard","meta":{"sfsi_plus_gutenberg_text_before_share":"","sfsi_plus_gutenberg_show_text_before_share":"","sfsi_plus_gutenberg_icon_type":"","sfsi_plus_gutenberg_icon_alignemt":"","sfsi_plus_gutenburg_max_per_row":"","footnotes":""},"categories":[2],"tags":[],"class_list":["post-106730","post","type-post","status-publish","format-standard","has-post-thumbnail","hentry","category-geral"],"_links":{"self":[{"href":"https:\/\/www.caririemacao.com\/1\/wp-json\/wp\/v2\/posts\/106730","targetHints":{"allow":["GET"]}}],"collection":[{"href":"https:\/\/www.caririemacao.com\/1\/wp-json\/wp\/v2\/posts"}],"about":[{"href":"https:\/\/www.caririemacao.com\/1\/wp-json\/wp\/v2\/types\/post"}],"author":[{"embeddable":true,"href":"https:\/\/www.caririemacao.com\/1\/wp-json\/wp\/v2\/users\/1"}],"replies":[{"embeddable":true,"href":"https:\/\/www.caririemacao.com\/1\/wp-json\/wp\/v2\/comments?post=106730"}],"version-history":[{"count":1,"href":"https:\/\/www.caririemacao.com\/1\/wp-json\/wp\/v2\/posts\/106730\/revisions"}],"predecessor-version":[{"id":106732,"href":"https:\/\/www.caririemacao.com\/1\/wp-json\/wp\/v2\/posts\/106730\/revisions\/106732"}],"wp:featuredmedia":[{"embeddable":true,"href":"https:\/\/www.caririemacao.com\/1\/wp-json\/wp\/v2\/media\/106731"}],"wp:attachment":[{"href":"https:\/\/www.caririemacao.com\/1\/wp-json\/wp\/v2\/media?parent=106730"}],"wp:term":[{"taxonomy":"category","embeddable":true,"href":"https:\/\/www.caririemacao.com\/1\/wp-json\/wp\/v2\/categories?post=106730"},{"taxonomy":"post_tag","embeddable":true,"href":"https:\/\/www.caririemacao.com\/1\/wp-json\/wp\/v2\/tags?post=106730"}],"curies":[{"name":"wp","href":"https:\/\/api.w.org\/{rel}","templated":true}]}}