{"id":106756,"date":"2019-07-25T17:17:52","date_gmt":"2019-07-25T20:17:52","guid":{"rendered":"http:\/\/www.caririemacao.com\/1\/?p=106756"},"modified":"2019-07-25T17:17:52","modified_gmt":"2019-07-25T20:17:52","slug":"juiza-michelini-jatoba-segue-relator-e-vota-pela-elegibilidade-de-ricardo","status":"publish","type":"post","link":"https:\/\/www.caririemacao.com\/1\/2019\/07\/25\/juiza-michelini-jatoba-segue-relator-e-vota-pela-elegibilidade-de-ricardo\/","title":{"rendered":"Ju\u00edza Michelini Jatob\u00e1 segue relator e vota pela elegibilidade de Ricardo"},"content":{"rendered":"\n<p>A 3\u00aa ju\u00edza a votar no julgamento da A\u00e7\u00e3o de Investiga\u00e7\u00e3o Judicial Eleitoral (Aije) do Empreender-PB, Michelini Jatob\u00e1, entendeu pela manuten\u00e7\u00e3o da elegibilidade do ex-governador Ricardo Coutinho (PSB) e a vice-governadora L\u00edgia Feliciano (PDT).<\/p>\n\n\n\n<p>Somando o relator e o primeiro juiz a votar, s\u00e3o 3 votos favor\u00e1veis \u00e0 manuten\u00e7\u00e3o dos direitos pol\u00edticos de Ricardo e L\u00edgia. Michelini, em seu entendimento, apenas aplicou san\u00e7\u00f5es pecuni\u00e1rias por conduta vedada \u00e0 RC, L\u00edgia, Waldson de Souza e M\u00e1rcia Lucena.<\/p>\n\n\n\n<p>Quem vota agora \u00e9 o juiz Paulo C\u00e2mara.<\/p>\n","protected":false},"excerpt":{"rendered":"<p>A 3\u00aa ju\u00edza a votar no julgamento da A\u00e7\u00e3o de Investiga\u00e7\u00e3o Judicial Eleitoral (Aije) do Empreender-PB, Michelini Jatob\u00e1, entendeu pela manuten\u00e7\u00e3o da elegibilidade do ex-governador&hellip; <\/p>\n","protected":false},"author":1,"featured_media":106757,"comment_status":"closed","ping_status":"closed","sticky":false,"template":"","format":"standard","meta":{"sfsi_plus_gutenberg_text_before_share":"","sfsi_plus_gutenberg_show_text_before_share":"","sfsi_plus_gutenberg_icon_type":"","sfsi_plus_gutenberg_icon_alignemt":"","sfsi_plus_gutenburg_max_per_row":"","footnotes":""},"categories":[11],"tags":[],"class_list":["post-106756","post","type-post","status-publish","format-standard","has-post-thumbnail","hentry","category-politica"],"_links":{"self":[{"href":"https:\/\/www.caririemacao.com\/1\/wp-json\/wp\/v2\/posts\/106756","targetHints":{"allow":["GET"]}}],"collection":[{"href":"https:\/\/www.caririemacao.com\/1\/wp-json\/wp\/v2\/posts"}],"about":[{"href":"https:\/\/www.caririemacao.com\/1\/wp-json\/wp\/v2\/types\/post"}],"author":[{"embeddable":true,"href":"https:\/\/www.caririemacao.com\/1\/wp-json\/wp\/v2\/users\/1"}],"replies":[{"embeddable":true,"href":"https:\/\/www.caririemacao.com\/1\/wp-json\/wp\/v2\/comments?post=106756"}],"version-history":[{"count":1,"href":"https:\/\/www.caririemacao.com\/1\/wp-json\/wp\/v2\/posts\/106756\/revisions"}],"predecessor-version":[{"id":106758,"href":"https:\/\/www.caririemacao.com\/1\/wp-json\/wp\/v2\/posts\/106756\/revisions\/106758"}],"wp:featuredmedia":[{"embeddable":true,"href":"https:\/\/www.caririemacao.com\/1\/wp-json\/wp\/v2\/media\/106757"}],"wp:attachment":[{"href":"https:\/\/www.caririemacao.com\/1\/wp-json\/wp\/v2\/media?parent=106756"}],"wp:term":[{"taxonomy":"category","embeddable":true,"href":"https:\/\/www.caririemacao.com\/1\/wp-json\/wp\/v2\/categories?post=106756"},{"taxonomy":"post_tag","embeddable":true,"href":"https:\/\/www.caririemacao.com\/1\/wp-json\/wp\/v2\/tags?post=106756"}],"curies":[{"name":"wp","href":"https:\/\/api.w.org\/{rel}","templated":true}]}}