{"id":106763,"date":"2019-07-25T18:04:44","date_gmt":"2019-07-25T21:04:44","guid":{"rendered":"http:\/\/www.caririemacao.com\/1\/?p=106763"},"modified":"2019-07-25T18:04:44","modified_gmt":"2019-07-25T21:04:44","slug":"com-placar-de-4-x-0-tre-mantem-ricardo-coutinho-elegivel-para-2020","status":"publish","type":"post","link":"https:\/\/www.caririemacao.com\/1\/2019\/07\/25\/com-placar-de-4-x-0-tre-mantem-ricardo-coutinho-elegivel-para-2020\/","title":{"rendered":"Com placar de 4 x 0, TRE mant\u00e9m Ricardo Coutinho eleg\u00edvel para 2020"},"content":{"rendered":"\n<p>Mais dois ju\u00edzes eleitorais votaram para manter a elegibilidade do ex-governador da Para\u00edba, Ricardo Coutinho (PSB), em sess\u00e3o nesta quinta-feira (25). Com isso, s\u00e3o quatro votos a favor da elegibilidade de Ricardo, prov\u00e1vel candidato a prefeito de Jo\u00e3o Pessoa em 2020.<\/p>\n\n\n\n<p>O julgamento da A\u00e7\u00e3o de Investiga\u00e7\u00e3o Judicial Eleitoral (Aije) relativa ao programa Empreender-PB foi retomado hoje ap\u00f3s uma semana parado. A aprecia\u00e7\u00e3o da a\u00e7\u00e3o&nbsp; teve in\u00edcio no \u00faltimo dia 11 de julho, quando o relator Jos\u00e9 Ricardo Porto votou pela manuten\u00e7\u00e3o dos direitos pol\u00edticos do ex-governador da Para\u00edba, Ricardo Coutinho (PSB), da atual vice-governadora L\u00edgia Feliciano (PDT)<\/p>\n\n\n\n<p>Hoje foi vez da ju\u00edza Michelini Jatob\u00e1 votar. Ela seguiu o entendimento do relator e tamb\u00e9m proferiu voto pela elegibilidade de Ricardo Coutinho. A magistrada apenas aplicou san\u00e7\u00f5es pecuni\u00e1rias por conduta vedada \u00e0 RC, L\u00edgia, Waldson de Souza e M\u00e1rcia Lucena. Na sequ\u00eancia, o juiz Paulo Camar\u00e1 tamb\u00e9m seguiu o voto do relator.<\/p>\n\n\n\n<p>O quarto a votar foi o juiz Paulo Camar\u00e1, que tamb\u00e9m seguiu o relator pela improced\u00eancia da a\u00e7\u00e3o.<\/p>\n\n\n\n<p>Na \u00faltima quinta-feira (18), na sequ\u00eancia do julgamento, o juiz Ant\u00f4nio Carneiro acompanhou o voto do relator, Zeca Porto, e optou por manter a elegibilidade do ex-governador Ricardo Coutinho e da vice-governadora L\u00edgia Feliciano.<\/p>\n\n\n\n<p><strong>Entenda:<\/strong><\/p>\n\n\n\n<p>A A\u00e7\u00e3o de Investiga\u00e7\u00e3o Judicial Eleitoral (Aije)&nbsp;foi protocolada no Tribunal Regional Eleitoral (TRE) em 17 de dezembro de 2014. O ex-governador, a ex-vice-governadora L\u00edgia Feliciano e outras cinco pessoas foram acionadas pela Procuradoria Regional Eleitoral (PRE) por abuso de poder pol\u00edtico e econ\u00f4mico nas Elei\u00e7\u00f5es 2014.<\/p>\n\n\n\n<p>A Aije foi fundamentada no que foi apurado nas investiga\u00e7\u00f5es realizadas em oito procedimentos administrativos relacionados ao evento \u201cPlen\u00e1ria de Cultura\u201d; distribui\u00e7\u00e3o de kit escolar com frase alusiva ao Governo do Estado; nomea\u00e7\u00e3o e contrata\u00e7\u00e3o de servidores; e uso do programa Empreender-PB.<\/p>\n\n\n\n<p>De acordo com o parecer do Minist\u00e9rio P\u00fablico Eleitoral (MPE), entre as irregularidades no programa de cr\u00e9dito Empreender-PB identificadas durante a apura\u00e7\u00e3o, est\u00e3o o \u201crecebimento de benef\u00edcios por pessoas que n\u00e3o residiam na Para\u00edba, que n\u00e3o se enquadravam na filosofia do aludido programa ou com remunera\u00e7\u00e3o incompat\u00edvel com o perfil exigido, menores de idade e pessoas falecidas\u201d.<\/p>\n\n\n\n<p><em>Com PB Agora<\/em><\/p>\n","protected":false},"excerpt":{"rendered":"<p>Mais dois ju\u00edzes eleitorais votaram para manter a elegibilidade do ex-governador da Para\u00edba, Ricardo Coutinho (PSB), em sess\u00e3o nesta quinta-feira (25). Com isso, s\u00e3o quatro&hellip; <\/p>\n","protected":false},"author":1,"featured_media":48941,"comment_status":"closed","ping_status":"closed","sticky":false,"template":"","format":"standard","meta":{"sfsi_plus_gutenberg_text_before_share":"","sfsi_plus_gutenberg_show_text_before_share":"","sfsi_plus_gutenberg_icon_type":"","sfsi_plus_gutenberg_icon_alignemt":"","sfsi_plus_gutenburg_max_per_row":"","footnotes":""},"categories":[50,11],"tags":[],"class_list":["post-106763","post","type-post","status-publish","format-standard","has-post-thumbnail","hentry","category-destaque","category-politica"],"_links":{"self":[{"href":"https:\/\/www.caririemacao.com\/1\/wp-json\/wp\/v2\/posts\/106763","targetHints":{"allow":["GET"]}}],"collection":[{"href":"https:\/\/www.caririemacao.com\/1\/wp-json\/wp\/v2\/posts"}],"about":[{"href":"https:\/\/www.caririemacao.com\/1\/wp-json\/wp\/v2\/types\/post"}],"author":[{"embeddable":true,"href":"https:\/\/www.caririemacao.com\/1\/wp-json\/wp\/v2\/users\/1"}],"replies":[{"embeddable":true,"href":"https:\/\/www.caririemacao.com\/1\/wp-json\/wp\/v2\/comments?post=106763"}],"version-history":[{"count":1,"href":"https:\/\/www.caririemacao.com\/1\/wp-json\/wp\/v2\/posts\/106763\/revisions"}],"predecessor-version":[{"id":106764,"href":"https:\/\/www.caririemacao.com\/1\/wp-json\/wp\/v2\/posts\/106763\/revisions\/106764"}],"wp:featuredmedia":[{"embeddable":true,"href":"https:\/\/www.caririemacao.com\/1\/wp-json\/wp\/v2\/media\/48941"}],"wp:attachment":[{"href":"https:\/\/www.caririemacao.com\/1\/wp-json\/wp\/v2\/media?parent=106763"}],"wp:term":[{"taxonomy":"category","embeddable":true,"href":"https:\/\/www.caririemacao.com\/1\/wp-json\/wp\/v2\/categories?post=106763"},{"taxonomy":"post_tag","embeddable":true,"href":"https:\/\/www.caririemacao.com\/1\/wp-json\/wp\/v2\/tags?post=106763"}],"curies":[{"name":"wp","href":"https:\/\/api.w.org\/{rel}","templated":true}]}}