{"id":106798,"date":"2019-07-26T07:49:51","date_gmt":"2019-07-26T10:49:51","guid":{"rendered":"http:\/\/www.caririemacao.com\/1\/?p=106798"},"modified":"2019-07-26T07:49:51","modified_gmt":"2019-07-26T10:49:51","slug":"em-15-anos-170-mil-brasileiros-conseguem-cidadania-europeia","status":"publish","type":"post","link":"https:\/\/www.caririemacao.com\/1\/2019\/07\/26\/em-15-anos-170-mil-brasileiros-conseguem-cidadania-europeia\/","title":{"rendered":"Em 15 anos, 170 mil brasileiros conseguem cidadania europeia"},"content":{"rendered":"\n<p>Seguran\u00e7a para andar nas ruas, perspectiva de renda, estabilidade e livre circula\u00e7\u00e3o foram motivos que fizeram os brasileiros Thiago Heluy, de 37 anos, e Jo\u00e3o Veiga, de 21, requisitarem a cidadania portuguesa nos \u00faltimos dois anos. Agora, ambos vivem no pa\u00eds e fazem planos na Europa.<\/p>\n\n\n\n<p>Os dois fazem parte do grande n\u00famero de brasileiros que buscam cidadania no Velho Continente. De 2002, quando o Servi\u00e7o de Estat\u00edstica da Uni\u00e3o Europeia (Eurostat) come\u00e7ou a contabilizar dados continentais, a 2017, o n\u00famero de cidadanias concedidas aumentou mais de 800%.<\/p>\n\n\n\n<p>Enquanto 2.422 brasileiros obtiveram uma segunda nacionalidade europeia em 2002, por descend\u00eancia, tempo de resid\u00eancia ou casamento, em 2017 foram 22.503.<\/p>\n\n\n\n<p>Nesses 15 anos, 170.187 brasileiros obtiveram&nbsp; cidadania de um dos 33 pa\u00edses europeus analisados, dos quais a maioria integra a Uni\u00e3o Europeia.<\/p>\n\n\n\n<p>O n\u00famero de brasileiros que receberam uma cidadania europeia saltou 152% somente entre 2007 e 2008. At\u00e9 ent\u00e3o, a Alemanha era o pa\u00eds que mais aprovava pedidos, e foi a\u00ed que Portugal passou a liderar os casos.<\/p>\n\n\n\n<p>Portugal foi respons\u00e1vel por 32% do total de cidadanias concedidas entre 2002 e 2017, seguido por It\u00e1lia (17,8%), Espanha (15,63%) e Alemanha (7,83%). Juntos, esses pa\u00edses concentraram cerca de 75% dos casos.<\/p>\n","protected":false},"excerpt":{"rendered":"<p>Seguran\u00e7a para andar nas ruas, perspectiva de renda, estabilidade e livre circula\u00e7\u00e3o foram motivos que fizeram os brasileiros Thiago Heluy, de 37 anos, e Jo\u00e3o&hellip; <\/p>\n","protected":false},"author":1,"featured_media":75242,"comment_status":"closed","ping_status":"closed","sticky":false,"template":"","format":"standard","meta":{"sfsi_plus_gutenberg_text_before_share":"","sfsi_plus_gutenberg_show_text_before_share":"","sfsi_plus_gutenberg_icon_type":"","sfsi_plus_gutenberg_icon_alignemt":"","sfsi_plus_gutenburg_max_per_row":"","footnotes":""},"categories":[2],"tags":[],"class_list":["post-106798","post","type-post","status-publish","format-standard","has-post-thumbnail","hentry","category-geral"],"_links":{"self":[{"href":"https:\/\/www.caririemacao.com\/1\/wp-json\/wp\/v2\/posts\/106798","targetHints":{"allow":["GET"]}}],"collection":[{"href":"https:\/\/www.caririemacao.com\/1\/wp-json\/wp\/v2\/posts"}],"about":[{"href":"https:\/\/www.caririemacao.com\/1\/wp-json\/wp\/v2\/types\/post"}],"author":[{"embeddable":true,"href":"https:\/\/www.caririemacao.com\/1\/wp-json\/wp\/v2\/users\/1"}],"replies":[{"embeddable":true,"href":"https:\/\/www.caririemacao.com\/1\/wp-json\/wp\/v2\/comments?post=106798"}],"version-history":[{"count":1,"href":"https:\/\/www.caririemacao.com\/1\/wp-json\/wp\/v2\/posts\/106798\/revisions"}],"predecessor-version":[{"id":106799,"href":"https:\/\/www.caririemacao.com\/1\/wp-json\/wp\/v2\/posts\/106798\/revisions\/106799"}],"wp:featuredmedia":[{"embeddable":true,"href":"https:\/\/www.caririemacao.com\/1\/wp-json\/wp\/v2\/media\/75242"}],"wp:attachment":[{"href":"https:\/\/www.caririemacao.com\/1\/wp-json\/wp\/v2\/media?parent=106798"}],"wp:term":[{"taxonomy":"category","embeddable":true,"href":"https:\/\/www.caririemacao.com\/1\/wp-json\/wp\/v2\/categories?post=106798"},{"taxonomy":"post_tag","embeddable":true,"href":"https:\/\/www.caririemacao.com\/1\/wp-json\/wp\/v2\/tags?post=106798"}],"curies":[{"name":"wp","href":"https:\/\/api.w.org\/{rel}","templated":true}]}}