{"id":106812,"date":"2019-07-26T08:31:41","date_gmt":"2019-07-26T11:31:41","guid":{"rendered":"http:\/\/www.caririemacao.com\/1\/?p=106812"},"modified":"2019-07-26T08:31:41","modified_gmt":"2019-07-26T11:31:41","slug":"parlamentares-protocolam-acao-contra-bolsonaro-no-mpf-por-racismo","status":"publish","type":"post","link":"https:\/\/www.caririemacao.com\/1\/2019\/07\/26\/parlamentares-protocolam-acao-contra-bolsonaro-no-mpf-por-racismo\/","title":{"rendered":"Parlamentares protocolam a\u00e7\u00e3o contra Bolsonaro no MPF por racismo"},"content":{"rendered":"\n<p>Um grupo de 11 deputados e senadores da oposi\u00e7\u00e3o protocolou, nesta quinta-feira, 25, uma representa\u00e7\u00e3o no Minist\u00e9rio P\u00fablico Federal (MPF) para que sejam apurados eventuais crimes cometidos pelo presidente Jair Bolsonaro durante o caf\u00e9 da manh\u00e3 com jornalistas estrangeiros, na sexta-feira 19, quando ele chamou os governadores do Nordeste de \u201cpara\u00edbas\u201d.<\/p>\n\n\n\n<p>Os parlamentares pedem a investiga\u00e7\u00e3o da pr\u00e1tica do ato de improbidade administrativa, por viola\u00e7\u00e3o de princ\u00edpios constitucionais da Administra\u00e7\u00e3o P\u00fablica, como a impessoalidade e a moralidade, assim como dano moral coletivo, causado pelos atos de racismo e amea\u00e7a de persegui\u00e7\u00e3o interfederativa. A inten\u00e7\u00e3o de protocolar a not\u00edcia-crime contra Bolsonaro, idealizada pelo presidente do PCdoB do Maranh\u00e3o, deputado federal M\u00e1rcio Jerry, foi antecipada por VEJA.<\/p>\n\n\n\n<p>De acordo com o texto, a manifesta\u00e7\u00e3o racista, que teve como alvo os cidad\u00e3os nordestinos, feriu a \u00e9tica, a moralidade p\u00fablica, o decoro, o respeito aos direitos humanos, em nome de fins pol\u00edticos ou ideol\u00f3gicos, e representa uma \u201cinequ\u00edvoca afronta ao tratamento ison\u00f4mico\u201d que deve ser destinado aos estados. No encontro com jornalistas, Bolsonaro disse ao ministro-chefe da Casa Civil, Onyx Lorenzoni, que n\u00e3o era para \u201cter nada com esse cara\u201d, em alus\u00e3o ao governador do Maranh\u00e3o, Fl\u00e1vio Dino (PCdoB).<\/p>\n","protected":false},"excerpt":{"rendered":"<p>Um grupo de 11 deputados e senadores da oposi\u00e7\u00e3o protocolou, nesta quinta-feira, 25, uma representa\u00e7\u00e3o no Minist\u00e9rio P\u00fablico Federal (MPF) para que sejam apurados eventuais&hellip; <\/p>\n","protected":false},"author":1,"featured_media":106813,"comment_status":"closed","ping_status":"closed","sticky":false,"template":"","format":"standard","meta":{"sfsi_plus_gutenberg_text_before_share":"","sfsi_plus_gutenberg_show_text_before_share":"","sfsi_plus_gutenberg_icon_type":"","sfsi_plus_gutenberg_icon_alignemt":"","sfsi_plus_gutenburg_max_per_row":"","footnotes":""},"categories":[11],"tags":[],"class_list":["post-106812","post","type-post","status-publish","format-standard","has-post-thumbnail","hentry","category-politica"],"_links":{"self":[{"href":"https:\/\/www.caririemacao.com\/1\/wp-json\/wp\/v2\/posts\/106812","targetHints":{"allow":["GET"]}}],"collection":[{"href":"https:\/\/www.caririemacao.com\/1\/wp-json\/wp\/v2\/posts"}],"about":[{"href":"https:\/\/www.caririemacao.com\/1\/wp-json\/wp\/v2\/types\/post"}],"author":[{"embeddable":true,"href":"https:\/\/www.caririemacao.com\/1\/wp-json\/wp\/v2\/users\/1"}],"replies":[{"embeddable":true,"href":"https:\/\/www.caririemacao.com\/1\/wp-json\/wp\/v2\/comments?post=106812"}],"version-history":[{"count":1,"href":"https:\/\/www.caririemacao.com\/1\/wp-json\/wp\/v2\/posts\/106812\/revisions"}],"predecessor-version":[{"id":106814,"href":"https:\/\/www.caririemacao.com\/1\/wp-json\/wp\/v2\/posts\/106812\/revisions\/106814"}],"wp:featuredmedia":[{"embeddable":true,"href":"https:\/\/www.caririemacao.com\/1\/wp-json\/wp\/v2\/media\/106813"}],"wp:attachment":[{"href":"https:\/\/www.caririemacao.com\/1\/wp-json\/wp\/v2\/media?parent=106812"}],"wp:term":[{"taxonomy":"category","embeddable":true,"href":"https:\/\/www.caririemacao.com\/1\/wp-json\/wp\/v2\/categories?post=106812"},{"taxonomy":"post_tag","embeddable":true,"href":"https:\/\/www.caririemacao.com\/1\/wp-json\/wp\/v2\/tags?post=106812"}],"curies":[{"name":"wp","href":"https:\/\/api.w.org\/{rel}","templated":true}]}}