{"id":106820,"date":"2019-07-26T08:35:41","date_gmt":"2019-07-26T11:35:41","guid":{"rendered":"http:\/\/www.caririemacao.com\/1\/?p=106820"},"modified":"2019-07-26T08:35:41","modified_gmt":"2019-07-26T11:35:41","slug":"confianca-do-empresario-da-construcao-sobe-26-pontos-em-julho","status":"publish","type":"post","link":"https:\/\/www.caririemacao.com\/1\/2019\/07\/26\/confianca-do-empresario-da-construcao-sobe-26-pontos-em-julho\/","title":{"rendered":"Confian\u00e7a do empres\u00e1rio da constru\u00e7\u00e3o sobe 2,6 pontos em julho"},"content":{"rendered":"\n<p>\u00cdndice de Confian\u00e7a da Constru\u00e7\u00e3o (ICST), medido pela Funda\u00e7\u00e3o Getulio Vargas (FGV), subiu 2,6 pontos de junho para julho deste ano. Com o resultado, que foi a segunda alta consecutiva, o indicador chegou a 85,4 pontos, em uma escala de zero a 200 pontos, e voltou ao n\u00edvel observado em dezembro de 2018.<\/p>\n\n\n\n<p>A alta do \u00edndice foi influenciada tanto pela melhora da situa\u00e7\u00e3o corrente quanto pelas expectativas do curto prazo. O \u00cdndice da Situa\u00e7\u00e3o Atual cresceu 1,5 ponto e chegou a 75,1 pontos. Houve melhoras na situa\u00e7\u00e3o atual da carteira de contratos, que avan\u00e7ou 1,4 ponto, e na situa\u00e7\u00e3o atual dos neg\u00f3cios, que subiu 1,6 ponto.<\/p>\n\n\n\n<p>O \u00cdndice de Expectativas subiu 3,5 pontos, passando para 96 pontos, n\u00edvel abaixo do observado em dezembro de 2018 (96,5 pontos). A demanda prevista nos pr\u00f3ximos tr\u00eas meses cresceu 2,3 pontos e a tend\u00eancia dos neg\u00f3cios nos pr\u00f3ximos seis meses aumentou 4,7 pontos.<\/p>\n\n\n\n<p>Segundo a pesquisadora da FGV Ana Maria Castelo, o resultado \u00e9 reflexo de uma melhora no ambiente de neg\u00f3cios corrente e expectativas de curto prazo mais favor\u00e1veis. \u201cA imin\u00eancia de aprova\u00e7\u00e3o da reforma da Previd\u00eancia e a retomada das obras do Programa Minha Casa Minha Vida certamente contribu\u00edram para a melhora do cen\u00e1rio nesses dois \u00faltimos meses. No entanto, se a ado\u00e7\u00e3o de uma pol\u00edtica para incentivar o consumo comprometer a fonte de financiamento do programa habitacional, n\u00e3o haver\u00e1 sustenta\u00e7\u00e3o nessa melhora a m\u00e9dio e longo prazo\u201d.<\/p>\n\n\n\n<p>O N\u00edvel de Utiliza\u00e7\u00e3o da Capacidade do setor registrou a quarta alta seguida ao variar 0,6 ponto percentual em julho, para 68,9%, maior patamar desde julho de 2015 (69,4%).<\/p>\n","protected":false},"excerpt":{"rendered":"<p>\u00cdndice de Confian\u00e7a da Constru\u00e7\u00e3o (ICST), medido pela Funda\u00e7\u00e3o Getulio Vargas (FGV), subiu 2,6 pontos de junho para julho deste ano. Com o resultado, que&hellip; <\/p>\n","protected":false},"author":1,"featured_media":106821,"comment_status":"closed","ping_status":"closed","sticky":false,"template":"","format":"standard","meta":{"sfsi_plus_gutenberg_text_before_share":"","sfsi_plus_gutenberg_show_text_before_share":"","sfsi_plus_gutenberg_icon_type":"","sfsi_plus_gutenberg_icon_alignemt":"","sfsi_plus_gutenburg_max_per_row":"","footnotes":""},"categories":[2],"tags":[],"class_list":["post-106820","post","type-post","status-publish","format-standard","has-post-thumbnail","hentry","category-geral"],"_links":{"self":[{"href":"https:\/\/www.caririemacao.com\/1\/wp-json\/wp\/v2\/posts\/106820","targetHints":{"allow":["GET"]}}],"collection":[{"href":"https:\/\/www.caririemacao.com\/1\/wp-json\/wp\/v2\/posts"}],"about":[{"href":"https:\/\/www.caririemacao.com\/1\/wp-json\/wp\/v2\/types\/post"}],"author":[{"embeddable":true,"href":"https:\/\/www.caririemacao.com\/1\/wp-json\/wp\/v2\/users\/1"}],"replies":[{"embeddable":true,"href":"https:\/\/www.caririemacao.com\/1\/wp-json\/wp\/v2\/comments?post=106820"}],"version-history":[{"count":1,"href":"https:\/\/www.caririemacao.com\/1\/wp-json\/wp\/v2\/posts\/106820\/revisions"}],"predecessor-version":[{"id":106822,"href":"https:\/\/www.caririemacao.com\/1\/wp-json\/wp\/v2\/posts\/106820\/revisions\/106822"}],"wp:featuredmedia":[{"embeddable":true,"href":"https:\/\/www.caririemacao.com\/1\/wp-json\/wp\/v2\/media\/106821"}],"wp:attachment":[{"href":"https:\/\/www.caririemacao.com\/1\/wp-json\/wp\/v2\/media?parent=106820"}],"wp:term":[{"taxonomy":"category","embeddable":true,"href":"https:\/\/www.caririemacao.com\/1\/wp-json\/wp\/v2\/categories?post=106820"},{"taxonomy":"post_tag","embeddable":true,"href":"https:\/\/www.caririemacao.com\/1\/wp-json\/wp\/v2\/tags?post=106820"}],"curies":[{"name":"wp","href":"https:\/\/api.w.org\/{rel}","templated":true}]}}