{"id":106827,"date":"2019-07-26T08:38:33","date_gmt":"2019-07-26T11:38:33","guid":{"rendered":"http:\/\/www.caririemacao.com\/1\/?p=106827"},"modified":"2019-07-26T08:38:33","modified_gmt":"2019-07-26T11:38:33","slug":"comunicadores-e-ambientalistas-sao-incluidos-em-programa-de-protecao","status":"publish","type":"post","link":"https:\/\/www.caririemacao.com\/1\/2019\/07\/26\/comunicadores-e-ambientalistas-sao-incluidos-em-programa-de-protecao\/","title":{"rendered":"Comunicadores e ambientalistas s\u00e3o inclu\u00eddos em programa de prote\u00e7\u00e3o"},"content":{"rendered":"\n<p><br>O presidente Jair Bolsonaro editou um novo decreto para regulamentar o Programa de Prote\u00e7\u00e3o aos Defensores de Direitos Humanos, que agora passa a incluir na&nbsp;nomenclatura oficial o atendimento a comunicadores e ambientalistas. O ato normativo foi publicado na edi\u00e7\u00e3o desta quinta-feira (25) do Di\u00e1rio Oficial da Uni\u00e3o e&nbsp;revoga o decreto anterior, de 2016, assinado pela ent\u00e3o presidente Dilma Rousseff.<\/p>\n\n\n\n<p>Vinculado ao Minist\u00e9rio da Mulher, da Fam\u00edlia e dos Direitos Humanos, o agora renomeado Programa de Prote\u00e7\u00e3o aos Defensores de Direitos Humanos, Comunicadores e&nbsp;Ambientalistas tem a finalidade de articular medidas para a prote\u00e7\u00e3o de pessoas amea\u00e7adas em decorr\u00eancia de sua atua\u00e7\u00e3o na defesa dos direitos humanos. A coopera\u00e7\u00e3o&nbsp;entre Uni\u00e3o, estados e munic\u00edpios para a execu\u00e7\u00e3o do programa tamb\u00e9m est\u00e1 mantida na nova norma. O decreto mant\u00e9m ainda o Conselho Deliberativo do programa, com tr\u00eas&nbsp;integrantes, sendo dois do Minist\u00e9rio da Mulher, da Fam\u00edlia e dos Direitos Humanos, entre os quais um ser\u00e1 o coordenador, e um da Secretaria Nacional de Seguran\u00e7a&nbsp;P\u00fablica do Minist\u00e9rio da Justi\u00e7a e Seguran\u00e7a P\u00fablica. Eles dever\u00e3o se reunir a cada dois meses, de forma regular.<\/p>\n\n\n\n<p>Segundo o decreto, poder\u00e3o ser convidados ainda para integrar o Conselho Deliberativo do programa um representante do Minist\u00e9rio P\u00fablico Federal (MPF), um do Poder&nbsp;Judici\u00e1rio e representantes do Poder Executivo federal cujas atribui\u00e7\u00f5es estejam relacionadas aos casos analisados no \u00e2mbito do colegiado. Na vers\u00e3o anterior do&nbsp;decreto, n\u00e3o havia a previs\u00e3o de que outros integrantes do Poder Executivo pudessem fazer parte da composi\u00e7\u00e3o do conselho do programa.<\/p>\n\n\n\n<p>Al\u00e9m de formular, monitorar e avaliar a\u00e7\u00f5es do programa de prote\u00e7\u00e3o, o Conselho Deliberativo vai decidir sobre inclus\u00e3o ou desligamento de pessoas amea\u00e7adas, bem como&nbsp;per\u00edodo de perman\u00eancia e estabelecimento do valor da ajuda financeira mensal para pagamento de despesas com aluguel, \u00e1gua, luz, alimenta\u00e7\u00e3o, deslocamento, vestu\u00e1rio,&nbsp;rem\u00e9dios e outros, nos casos de acolhimento provis\u00f3rio de defensores dos direitos humanos. Pelo decreto, o conselho poder\u00e1 criar grupos de trabalho tem\u00e1ticos ou&nbsp;comiss\u00f5es tempor\u00e1rias para a execu\u00e7\u00e3o das atribui\u00e7\u00f5es previstas. O trabalho tanto no conselho quanto nas comiss\u00f5es e grupos de trabalho ser\u00e1 considerado presta\u00e7\u00e3o de&nbsp;servi\u00e7o p\u00fablico relevante e, portanto, n\u00e3o remunerada.<\/p>\n\n\n\n<p>Confira a&nbsp;<a href=\"http:\/\/www.in.gov.br\/en\/web\/dou\/-\/decreto-n-9937-de-24-de-julho-de-2019-205251661\" target=\"_blank\" rel=\"noreferrer noopener\">\u00edntegra do decreto<\/a>.<\/p>\n\n\n\n<p>Atualmente, segundo o governo federal, um total 528 defensores e defensoras de direitos humanos est\u00e3o inclu\u00eddos no programa de prote\u00e7\u00e3o, em todo Brasil. Dentre as&nbsp;diversas \u00e1reas de milit\u00e2ncia dessas pessoas, est\u00e3o causas ind\u00edgenas, direito \u00e0 terra, direito de popula\u00e7\u00e3o LGBT (l\u00e9sbicas, gay, bissexuais, travestis e transexuais),&nbsp;combate \u00e0 viol\u00eancia policial, combate \u00e0 corrup\u00e7\u00e3o, entre outros.<\/p>\n","protected":false},"excerpt":{"rendered":"<p>O presidente Jair Bolsonaro editou um novo decreto para regulamentar o Programa de Prote\u00e7\u00e3o aos Defensores de Direitos Humanos, que agora passa a incluir na&nbsp;nomenclatura&hellip; <\/p>\n","protected":false},"author":1,"featured_media":105823,"comment_status":"closed","ping_status":"closed","sticky":false,"template":"","format":"standard","meta":{"sfsi_plus_gutenberg_text_before_share":"","sfsi_plus_gutenberg_show_text_before_share":"","sfsi_plus_gutenberg_icon_type":"","sfsi_plus_gutenberg_icon_alignemt":"","sfsi_plus_gutenburg_max_per_row":"","footnotes":""},"categories":[11],"tags":[],"class_list":["post-106827","post","type-post","status-publish","format-standard","has-post-thumbnail","hentry","category-politica"],"_links":{"self":[{"href":"https:\/\/www.caririemacao.com\/1\/wp-json\/wp\/v2\/posts\/106827","targetHints":{"allow":["GET"]}}],"collection":[{"href":"https:\/\/www.caririemacao.com\/1\/wp-json\/wp\/v2\/posts"}],"about":[{"href":"https:\/\/www.caririemacao.com\/1\/wp-json\/wp\/v2\/types\/post"}],"author":[{"embeddable":true,"href":"https:\/\/www.caririemacao.com\/1\/wp-json\/wp\/v2\/users\/1"}],"replies":[{"embeddable":true,"href":"https:\/\/www.caririemacao.com\/1\/wp-json\/wp\/v2\/comments?post=106827"}],"version-history":[{"count":1,"href":"https:\/\/www.caririemacao.com\/1\/wp-json\/wp\/v2\/posts\/106827\/revisions"}],"predecessor-version":[{"id":106828,"href":"https:\/\/www.caririemacao.com\/1\/wp-json\/wp\/v2\/posts\/106827\/revisions\/106828"}],"wp:featuredmedia":[{"embeddable":true,"href":"https:\/\/www.caririemacao.com\/1\/wp-json\/wp\/v2\/media\/105823"}],"wp:attachment":[{"href":"https:\/\/www.caririemacao.com\/1\/wp-json\/wp\/v2\/media?parent=106827"}],"wp:term":[{"taxonomy":"category","embeddable":true,"href":"https:\/\/www.caririemacao.com\/1\/wp-json\/wp\/v2\/categories?post=106827"},{"taxonomy":"post_tag","embeddable":true,"href":"https:\/\/www.caririemacao.com\/1\/wp-json\/wp\/v2\/tags?post=106827"}],"curies":[{"name":"wp","href":"https:\/\/api.w.org\/{rel}","templated":true}]}}