{"id":106833,"date":"2019-07-26T08:52:11","date_gmt":"2019-07-26T11:52:11","guid":{"rendered":"http:\/\/www.caririemacao.com\/1\/?p=106833"},"modified":"2019-07-26T08:52:11","modified_gmt":"2019-07-26T11:52:11","slug":"construcao-civil-registra-inflacao-de-091-em-julho-diz-fgv","status":"publish","type":"post","link":"https:\/\/www.caririemacao.com\/1\/2019\/07\/26\/construcao-civil-registra-inflacao-de-091-em-julho-diz-fgv\/","title":{"rendered":"Constru\u00e7\u00e3o civil registra infla\u00e7\u00e3o de 0,91% em julho, diz FGV"},"content":{"rendered":"\n<p>O \u00cdndice Nacional de Custo da Constru\u00e7\u00e3o \u2013 M (INCC-M) registrou infla\u00e7\u00e3o de 0,91% em julho, percentual superior ao apurado no m\u00eas anterior (0,44%). Segundo a Funda\u00e7\u00e3o Getulio Vargas (FGV), o INCC-M acumula taxas de 2,73% no ano e de 3,95% em 12 meses.<\/p>\n\n\n\n<p>A maior alta de pre\u00e7os foi observada no custo da m\u00e3o de obra, que ficou 1,63% mais cara em julho. A m\u00e3o de obra auxiliar teve infla\u00e7\u00e3o de 1,74%.<\/p>\n\n\n\n<p>Os servi\u00e7os ficaram 0,20% mais caros no m\u00eas, puxados principalmente pelos alugu\u00e9is e taxas (0,34%).<\/p>\n\n\n\n<p>Os materiais e equipamentos tiveram uma taxa mais moderada (0,04%). Se por um lado, o material para pintura ficou 1,63% mais caro, por outro, o material met\u00e1lico ficou 0,65% mais barato.<\/p>\n","protected":false},"excerpt":{"rendered":"<p>O \u00cdndice Nacional de Custo da Constru\u00e7\u00e3o \u2013 M (INCC-M) registrou infla\u00e7\u00e3o de 0,91% em julho, percentual superior ao apurado no m\u00eas anterior (0,44%). Segundo&hellip; <\/p>\n","protected":false},"author":1,"featured_media":91097,"comment_status":"closed","ping_status":"closed","sticky":false,"template":"","format":"standard","meta":{"sfsi_plus_gutenberg_text_before_share":"","sfsi_plus_gutenberg_show_text_before_share":"","sfsi_plus_gutenberg_icon_type":"","sfsi_plus_gutenberg_icon_alignemt":"","sfsi_plus_gutenburg_max_per_row":"","footnotes":""},"categories":[2],"tags":[],"class_list":["post-106833","post","type-post","status-publish","format-standard","has-post-thumbnail","hentry","category-geral"],"_links":{"self":[{"href":"https:\/\/www.caririemacao.com\/1\/wp-json\/wp\/v2\/posts\/106833","targetHints":{"allow":["GET"]}}],"collection":[{"href":"https:\/\/www.caririemacao.com\/1\/wp-json\/wp\/v2\/posts"}],"about":[{"href":"https:\/\/www.caririemacao.com\/1\/wp-json\/wp\/v2\/types\/post"}],"author":[{"embeddable":true,"href":"https:\/\/www.caririemacao.com\/1\/wp-json\/wp\/v2\/users\/1"}],"replies":[{"embeddable":true,"href":"https:\/\/www.caririemacao.com\/1\/wp-json\/wp\/v2\/comments?post=106833"}],"version-history":[{"count":1,"href":"https:\/\/www.caririemacao.com\/1\/wp-json\/wp\/v2\/posts\/106833\/revisions"}],"predecessor-version":[{"id":106835,"href":"https:\/\/www.caririemacao.com\/1\/wp-json\/wp\/v2\/posts\/106833\/revisions\/106835"}],"wp:featuredmedia":[{"embeddable":true,"href":"https:\/\/www.caririemacao.com\/1\/wp-json\/wp\/v2\/media\/91097"}],"wp:attachment":[{"href":"https:\/\/www.caririemacao.com\/1\/wp-json\/wp\/v2\/media?parent=106833"}],"wp:term":[{"taxonomy":"category","embeddable":true,"href":"https:\/\/www.caririemacao.com\/1\/wp-json\/wp\/v2\/categories?post=106833"},{"taxonomy":"post_tag","embeddable":true,"href":"https:\/\/www.caririemacao.com\/1\/wp-json\/wp\/v2\/tags?post=106833"}],"curies":[{"name":"wp","href":"https:\/\/api.w.org\/{rel}","templated":true}]}}