{"id":106840,"date":"2019-07-26T09:07:41","date_gmt":"2019-07-26T12:07:41","guid":{"rendered":"http:\/\/www.caririemacao.com\/1\/?p=106840"},"modified":"2019-07-26T09:07:41","modified_gmt":"2019-07-26T12:07:41","slug":"secretario-anuncia-retomada-de-bombeamento-de-agua-da-transposicao-para-o-rio-paraiba","status":"publish","type":"post","link":"https:\/\/www.caririemacao.com\/1\/2019\/07\/26\/secretario-anuncia-retomada-de-bombeamento-de-agua-da-transposicao-para-o-rio-paraiba\/","title":{"rendered":"Secret\u00e1rio anuncia retomada de bombeamento de \u00e1gua da Transposi\u00e7\u00e3o para o Rio Para\u00edba"},"content":{"rendered":"\n<p>secret\u00e1rio nacional de Seguran\u00e7a H\u00eddrica do Minist\u00e9rio do Desenvolvimento Regional, Marcelo Borges, anunciou a retomada do bombeamento de \u00e1gua da Transposi\u00e7\u00e3o do Rio S\u00e3o Francisco para o Rio Para\u00edba. Marcelo Borges informou que j\u00e1 est\u00e1 sendo providenciado o acionamento das bombas nas esta\u00e7\u00f5es de bombeamento EBV-1 e EBV-2, localizadas em Pernambuco, e que, em breve, a \u00e1gua estar\u00e1 chegando ao munic\u00edpio de Monteiro, de onde corre para ao Rio Para\u00edba.&nbsp;<\/p>\n\n\n\n<p>O procurador do Minist\u00e9rio P\u00fablico da Para\u00edba, Francisco Sagres, declarou que, com a volta da \u00e1gua da Transposi\u00e7\u00e3o, o a\u00e7ude de Boqueir\u00e3o poder\u00e1 aumentar a vaz\u00e3o das comportas para o a\u00e7ude de Acau\u00e3, que est\u00e1 atualmente com 6 milh\u00f5es de metros c\u00fabicos, garantindo a seguran\u00e7a h\u00eddrica dessa regi\u00e3o do Estado.<\/p>\n\n\n\n<p>O procurador de Justi\u00e7a Francisco Sagres participou, representando o Minist\u00e9rio P\u00fablico da Para\u00edba, de uma reuni\u00e3o com o secret\u00e1rio nacional de Seguran\u00e7a H\u00eddrica do Minist\u00e9rio do Desenvolvimento Regional, Marcelo Borges, para discutir o assunto. A reuni\u00e3o ocorreu na tarde dessa quinta-feira (25\/07),em Bras\u00edlia.<\/p>\n\n\n\n<p>A reuni\u00e3o contou com a participa\u00e7\u00e3o da chefe do gabinete, Mariana Prado Franceschi de Andrade; do diretor de Projetos Estrat\u00e9gicos, Ant\u00f4nio Luitgards Moura; e do diretor presidente da Ag\u00eancia Executiva de Gest\u00e3o das \u00c1guas do Estado da Para\u00edba (Aesa), Porf\u00edrio Cat\u00e3o Cartaxo Loureiro.<\/p>\n","protected":false},"excerpt":{"rendered":"<p>secret\u00e1rio nacional de Seguran\u00e7a H\u00eddrica do Minist\u00e9rio do Desenvolvimento Regional, Marcelo Borges, anunciou a retomada do bombeamento de \u00e1gua da Transposi\u00e7\u00e3o do Rio S\u00e3o Francisco&hellip; <\/p>\n","protected":false},"author":1,"featured_media":50497,"comment_status":"closed","ping_status":"closed","sticky":false,"template":"","format":"standard","meta":{"sfsi_plus_gutenberg_text_before_share":"","sfsi_plus_gutenberg_show_text_before_share":"","sfsi_plus_gutenberg_icon_type":"","sfsi_plus_gutenberg_icon_alignemt":"","sfsi_plus_gutenburg_max_per_row":"","footnotes":""},"categories":[2],"tags":[],"class_list":["post-106840","post","type-post","status-publish","format-standard","has-post-thumbnail","hentry","category-geral"],"_links":{"self":[{"href":"https:\/\/www.caririemacao.com\/1\/wp-json\/wp\/v2\/posts\/106840","targetHints":{"allow":["GET"]}}],"collection":[{"href":"https:\/\/www.caririemacao.com\/1\/wp-json\/wp\/v2\/posts"}],"about":[{"href":"https:\/\/www.caririemacao.com\/1\/wp-json\/wp\/v2\/types\/post"}],"author":[{"embeddable":true,"href":"https:\/\/www.caririemacao.com\/1\/wp-json\/wp\/v2\/users\/1"}],"replies":[{"embeddable":true,"href":"https:\/\/www.caririemacao.com\/1\/wp-json\/wp\/v2\/comments?post=106840"}],"version-history":[{"count":1,"href":"https:\/\/www.caririemacao.com\/1\/wp-json\/wp\/v2\/posts\/106840\/revisions"}],"predecessor-version":[{"id":106841,"href":"https:\/\/www.caririemacao.com\/1\/wp-json\/wp\/v2\/posts\/106840\/revisions\/106841"}],"wp:featuredmedia":[{"embeddable":true,"href":"https:\/\/www.caririemacao.com\/1\/wp-json\/wp\/v2\/media\/50497"}],"wp:attachment":[{"href":"https:\/\/www.caririemacao.com\/1\/wp-json\/wp\/v2\/media?parent=106840"}],"wp:term":[{"taxonomy":"category","embeddable":true,"href":"https:\/\/www.caririemacao.com\/1\/wp-json\/wp\/v2\/categories?post=106840"},{"taxonomy":"post_tag","embeddable":true,"href":"https:\/\/www.caririemacao.com\/1\/wp-json\/wp\/v2\/tags?post=106840"}],"curies":[{"name":"wp","href":"https:\/\/api.w.org\/{rel}","templated":true}]}}