{"id":106847,"date":"2019-07-26T09:19:36","date_gmt":"2019-07-26T12:19:36","guid":{"rendered":"http:\/\/www.caririemacao.com\/1\/?p=106847"},"modified":"2019-07-26T09:19:36","modified_gmt":"2019-07-26T12:19:36","slug":"presidente-do-stf-e-avisado-por-moro-de-ataque-hacker-a-celulares-de-ministros-do-tribunal","status":"publish","type":"post","link":"https:\/\/www.caririemacao.com\/1\/2019\/07\/26\/presidente-do-stf-e-avisado-por-moro-de-ataque-hacker-a-celulares-de-ministros-do-tribunal\/","title":{"rendered":"Presidente do STF \u00e9 avisado por Moro de ataque hacker a celulares de ministros do tribunal"},"content":{"rendered":"\n<p>presidente do Supremo Tribunal Federal (STF), Dias Toffoli, foi comunicado por telefone nesta quinta-feira (25) pelo ministro da Justi\u00e7a, Sergio Moro, que celulares de ministros da Corte foram alvo de ataque hacker e que houve acesso a dados de SMS e do aplicativo Telegram desses ministros.<\/p>\n\n\n\n<p>Moro relatou ter ligado pessoalmente para os ministros atacados. O nome dos ministros alvo da a\u00e7\u00e3o n\u00e3o foi divulgado.<\/p>\n\n\n\n<p><strong>O que se sabe sobre invas\u00f5es de celulares de autoridades<\/strong><\/p>\n\n\n\n<p>Interlocutores dos ministros Toffoli, Luiz Fux, Rosa Weber, Ricardo Lewandowski, C\u00e1rmen L\u00facia, Gilmar Mendes, Luis Roberto Barroso, Marco Aur\u00e9lio Mello e Celso de Mello informaram \u00e0 TV Globo que eles n\u00e3o foram procurados por Moro e, portanto, n\u00e3o teriam sido alvo. At\u00e9 a \u00faltima atualiza\u00e7\u00e3o desta reportagem, a TV Globo tentava contato com os outros dois ministros, Alexandre de Moraes e Luiz Edson Fachin.<\/p>\n\n\n\n<p>Por meio da assessoria, o Supremo informou que n\u00e3o comentar\u00e1 o epis\u00f3dio.<\/p>\n\n\n\n<p>Al\u00e9m de ministros do STF, a Pol\u00edcia Federal identificou os aparelhos dos presidentes da Rep\u00fablica, Jair Bolsonaro; da C\u00e2mara, deputado Rodrigo Maia (DEM-RJ); do Senado, Davi Alcolumbre (DEM-AP); do Superior Tribunal de Justi\u00e7a, ministro Jo\u00e3o Ot\u00e1vio de Noronha; e da procuradora-geral da Rep\u00fablica, Raquel Dodge, dentre os celulares de autoridades alvos de invas\u00e3o de hackers.<\/p>\n\n\n\n<p>Investigadores da Pol\u00edcia Federal informaram na quarta-feira (24) que t\u00eam condi\u00e7\u00f5es de afirmar, com base na apura\u00e7\u00e3o pr\u00e9via, que aproximadamente mil diferentes n\u00fameros telef\u00f4nicos foram alvos do mesmo m\u00e9todo utilizado para invadir o celular do ministro Sergio Moro.<\/p>\n\n\n\n<p>Presidente da Rep\u00fablica, o da C\u00e2mara e do Senado tiveram seus celulares invadidos<\/p>\n\n\n\n<p><strong>Suspeitos presos<\/strong><\/p>\n\n\n\n<p>Quatro suspeitos de envolvimento na invas\u00e3o de celulares de autoridades foram presos na \u00faltima ter\u00e7a-feira (23). S\u00e3o tr\u00eas homens e uma mulher, detidos na Superintend\u00eancia da Pol\u00edcia Federal em Bras\u00edlia.<\/p>\n\n\n\n<p>Nesta quinta-feira, o ministro S\u00e9rgio Moro afirmou em uma rede social, que o Minist\u00e9rio da Justi\u00e7a e a Pol\u00edcia Federal (PF) v\u00e3o identificar as centenas de v\u00edtimas e inform\u00e1-las sobre as invas\u00f5es, sejam elas autoridades ou n\u00e3o.<\/p>\n\n\n\n<p>Mais cedo, o Minist\u00e9rio da Justi\u00e7a informou que celulares do presidente Jair Bolsonaro tamb\u00e9m foram alvos de invas\u00e3o de hackers.<\/p>\n\n\n\n<p>Por meio de nota, o Minist\u00e9rio da Justi\u00e7a e Seguran\u00e7a P\u00fablica informou que Bolsonaro foi &#8220;devidamente comunicado&#8221; sobre o fato por uma &#8220;quest\u00e3o de seguran\u00e7a nacional&#8221;. A nota n\u00e3o informa se os hackers conseguiram obter alguma informa\u00e7\u00e3o dos aparelhos usados pelo presidente.<\/p>\n\n\n\n<p>&#8220;N\u00e3o estou nem um pouco preocupado se porventura algo vazar aqui no meu telefone. N\u00e3o v\u00e3o encontrar nada que comprometa. Perderam tempo comigo&#8221;, declarou Bolsonaro nesta quinta em Manaus.<\/p>\n","protected":false},"excerpt":{"rendered":"<p>presidente do Supremo Tribunal Federal (STF), Dias Toffoli, foi comunicado por telefone nesta quinta-feira (25) pelo ministro da Justi\u00e7a, Sergio Moro, que celulares de ministros&hellip; <\/p>\n","protected":false},"author":1,"featured_media":106330,"comment_status":"closed","ping_status":"closed","sticky":false,"template":"","format":"standard","meta":{"sfsi_plus_gutenberg_text_before_share":"","sfsi_plus_gutenberg_show_text_before_share":"","sfsi_plus_gutenberg_icon_type":"","sfsi_plus_gutenberg_icon_alignemt":"","sfsi_plus_gutenburg_max_per_row":"","footnotes":""},"categories":[2],"tags":[],"class_list":["post-106847","post","type-post","status-publish","format-standard","has-post-thumbnail","hentry","category-geral"],"_links":{"self":[{"href":"https:\/\/www.caririemacao.com\/1\/wp-json\/wp\/v2\/posts\/106847","targetHints":{"allow":["GET"]}}],"collection":[{"href":"https:\/\/www.caririemacao.com\/1\/wp-json\/wp\/v2\/posts"}],"about":[{"href":"https:\/\/www.caririemacao.com\/1\/wp-json\/wp\/v2\/types\/post"}],"author":[{"embeddable":true,"href":"https:\/\/www.caririemacao.com\/1\/wp-json\/wp\/v2\/users\/1"}],"replies":[{"embeddable":true,"href":"https:\/\/www.caririemacao.com\/1\/wp-json\/wp\/v2\/comments?post=106847"}],"version-history":[{"count":1,"href":"https:\/\/www.caririemacao.com\/1\/wp-json\/wp\/v2\/posts\/106847\/revisions"}],"predecessor-version":[{"id":106848,"href":"https:\/\/www.caririemacao.com\/1\/wp-json\/wp\/v2\/posts\/106847\/revisions\/106848"}],"wp:featuredmedia":[{"embeddable":true,"href":"https:\/\/www.caririemacao.com\/1\/wp-json\/wp\/v2\/media\/106330"}],"wp:attachment":[{"href":"https:\/\/www.caririemacao.com\/1\/wp-json\/wp\/v2\/media?parent=106847"}],"wp:term":[{"taxonomy":"category","embeddable":true,"href":"https:\/\/www.caririemacao.com\/1\/wp-json\/wp\/v2\/categories?post=106847"},{"taxonomy":"post_tag","embeddable":true,"href":"https:\/\/www.caririemacao.com\/1\/wp-json\/wp\/v2\/tags?post=106847"}],"curies":[{"name":"wp","href":"https:\/\/api.w.org\/{rel}","templated":true}]}}