{"id":106853,"date":"2019-07-26T09:36:07","date_gmt":"2019-07-26T12:36:07","guid":{"rendered":"http:\/\/www.caririemacao.com\/1\/?p=106853"},"modified":"2019-07-26T09:36:07","modified_gmt":"2019-07-26T12:36:07","slug":"prefeita-anna-lorena-participa-de-audiencia-com-o-governador-joao-azevedo","status":"publish","type":"post","link":"https:\/\/www.caririemacao.com\/1\/2019\/07\/26\/prefeita-anna-lorena-participa-de-audiencia-com-o-governador-joao-azevedo\/","title":{"rendered":"Prefeita Anna Lorena participa de audi\u00eancia com o Governador Jo\u00e3o Azev\u00eado"},"content":{"rendered":"\n<p>A Prefeita de Monteiro, Anna Lorena, participou nesta quinta-feira (25), de um audi\u00eancia com o governador Jo\u00e3o Azev\u00eado, na Granja Santana, em Jo\u00e3o Pessoa. A reuni\u00e3o foi articulada pelo presidente da Assembleia Legislativa, Adriano Galdino, e contou com a presen\u00e7a dos Secret\u00e1rios de Estado, Ronaldo Guerra (Chefe de Gabinete), e Jo\u00e3o Gon\u00e7alves (Articula\u00e7\u00e3o Pol\u00edtica).<\/p>\n\n\n\n<p>Durante a reuni\u00e3o, a prefeita apresentou novos pleitos para o munic\u00edpio de Monteiro, e o governador mais uma vez se comprometeu em continuar priorizando Monteiro nas parcerias com o Governo do Estado.<\/p>\n\n\n\n<p>A Prefeita Anna Lorena destacou que em breve mais obras em parceria com o Governo do Estado ser\u00e3o iniciadas em Monteiro, e destacou o andamento de algumas obras que j\u00e1 foram atendidas pelo governador, como \u00e9 o exemplo da pavimenta\u00e7\u00e3o asf\u00e1ltica da cidade, pavimenta\u00e7\u00e3o em paralelep\u00edpedos, constru\u00e7\u00e3o da UEPB, reforma e moderniza\u00e7\u00e3o do Col\u00e9gio Estadual, instala\u00e7\u00e3o e perfura\u00e7\u00e3o de po\u00e7os e sistemas de dessaliniza\u00e7\u00e3o, entre outras a\u00e7\u00f5es em andamento.<\/p>\n\n\n\n<p>\u201cS\u00e3o a\u00e7\u00f5es como essa que est\u00e3o melhorando a vida das pessoas, e \u00e9 esse nosso objetivo, da qualidade de vida aos monteirenses, com a\u00e7\u00f5es nos quatro cantos do munic\u00edpio e o Governo do Estado tem sido um grande parceiro de nossa gest\u00e3o\u201d, disse Anna Lorena.<\/p>\n\n\n\n<p><\/p>\n","protected":false},"excerpt":{"rendered":"<p>A Prefeita de Monteiro, Anna Lorena, participou nesta quinta-feira (25), de um audi\u00eancia com o governador Jo\u00e3o Azev\u00eado, na Granja Santana, em Jo\u00e3o Pessoa. A&hellip; <\/p>\n","protected":false},"author":1,"featured_media":106854,"comment_status":"closed","ping_status":"closed","sticky":false,"template":"","format":"standard","meta":{"sfsi_plus_gutenberg_text_before_share":"","sfsi_plus_gutenberg_show_text_before_share":"","sfsi_plus_gutenberg_icon_type":"","sfsi_plus_gutenberg_icon_alignemt":"","sfsi_plus_gutenburg_max_per_row":"","footnotes":""},"categories":[6,50],"tags":[],"class_list":["post-106853","post","type-post","status-publish","format-standard","has-post-thumbnail","hentry","category-cidades","category-destaque"],"_links":{"self":[{"href":"https:\/\/www.caririemacao.com\/1\/wp-json\/wp\/v2\/posts\/106853","targetHints":{"allow":["GET"]}}],"collection":[{"href":"https:\/\/www.caririemacao.com\/1\/wp-json\/wp\/v2\/posts"}],"about":[{"href":"https:\/\/www.caririemacao.com\/1\/wp-json\/wp\/v2\/types\/post"}],"author":[{"embeddable":true,"href":"https:\/\/www.caririemacao.com\/1\/wp-json\/wp\/v2\/users\/1"}],"replies":[{"embeddable":true,"href":"https:\/\/www.caririemacao.com\/1\/wp-json\/wp\/v2\/comments?post=106853"}],"version-history":[{"count":1,"href":"https:\/\/www.caririemacao.com\/1\/wp-json\/wp\/v2\/posts\/106853\/revisions"}],"predecessor-version":[{"id":106856,"href":"https:\/\/www.caririemacao.com\/1\/wp-json\/wp\/v2\/posts\/106853\/revisions\/106856"}],"wp:featuredmedia":[{"embeddable":true,"href":"https:\/\/www.caririemacao.com\/1\/wp-json\/wp\/v2\/media\/106854"}],"wp:attachment":[{"href":"https:\/\/www.caririemacao.com\/1\/wp-json\/wp\/v2\/media?parent=106853"}],"wp:term":[{"taxonomy":"category","embeddable":true,"href":"https:\/\/www.caririemacao.com\/1\/wp-json\/wp\/v2\/categories?post=106853"},{"taxonomy":"post_tag","embeddable":true,"href":"https:\/\/www.caririemacao.com\/1\/wp-json\/wp\/v2\/tags?post=106853"}],"curies":[{"name":"wp","href":"https:\/\/api.w.org\/{rel}","templated":true}]}}