{"id":106872,"date":"2019-07-26T10:16:36","date_gmt":"2019-07-26T13:16:36","guid":{"rendered":"http:\/\/www.caririemacao.com\/1\/?p=106872"},"modified":"2019-07-26T10:16:36","modified_gmt":"2019-07-26T13:16:36","slug":"sp-chega-a-100-mil-homicidios-em-serie-historica-iniciada-em-2002","status":"publish","type":"post","link":"https:\/\/www.caririemacao.com\/1\/2019\/07\/26\/sp-chega-a-100-mil-homicidios-em-serie-historica-iniciada-em-2002\/","title":{"rendered":"SP chega a 100 mil homic\u00eddios em s\u00e9rie hist\u00f3rica, iniciada em 2002"},"content":{"rendered":"\n<p>Entre janeiro de 2002, quando iniciou a divulga\u00e7\u00e3o dos dados estat\u00edsticos de criminalidade pelo governo de S\u00e3o Paulo, at\u00e9 junho deste ano, que s\u00e3o os n\u00fameros mais atuais, houve&nbsp;101.306 homic\u00eddios dolosos (quando h\u00e1 inten\u00e7\u00e3o de matar) no Estado.<\/p>\n\n\n\n<p>Conforme os dados oficiais, o pior ano foi 2002, o primeiro da s\u00e9rie, com&nbsp;12.535 homic\u00eddios dolosos. O ano seguinte foi o segundo pior:&nbsp;11.512 pessoas assassinadas. E seguiu a tend\u00eancia de queda at\u00e9 2009, quando houve a primeira alta no indicador (passando de&nbsp;4.696 em 2008 para&nbsp;4.785).<\/p>\n\n\n\n<p>De 2008 a 2014, apenas o ano de 2012 n\u00e3o ficou na casa dos quatro mil homic\u00eddios anuais \u2014 naquele ano houve&nbsp;5.209 assassinatos. De 2015 at\u00e9 o ano passado, o n\u00famero est\u00e1 em queda na casa dos tr\u00eas mil homic\u00eddios dolosos por ano.<\/p>\n\n\n\n<figure><iframe width=\"1\" height=\"1\"><\/iframe><\/figure>\n\n\n\n<figure><iframe><\/iframe><\/figure>\n\n\n\n<p>No primeiro semestre deste ano, S\u00e3o Paulo teve 1.441 pessoas assassinadas, de acordo com os\u00a0<a rel=\"noreferrer noopener\" href=\"https:\/\/noticias.r7.com\/sao-paulo\/sp-numero-de-estupros-homicidios-e-latrocinios-caem-no-1-trimestre-25042019\" target=\"_blank\"><strong>dados oficiais da SSP-SP (Secretaria de Seguran\u00e7a P\u00fablica do Estado de S\u00e3o Paulo)<\/strong><\/a>\u00a0divulgados nesta quinta-feira (25). O n\u00famero representa oito mortos por dia.<\/p>\n\n\n\n<p>quantidade de v\u00edtimas entre janeiro e junho \u00e9 a menor para o per\u00edodo desde o in\u00edcio da s\u00e9rie hist\u00f3rica. A secretaria divulga mensalmente as estat\u00edsticas criminais e, diferentemente das gest\u00f5es anteriores, o governo Jo\u00e3o Doria (PSDB) n\u00e3o concede entrevista \u00e0 imprensa na divulga\u00e7\u00e3o dos n\u00fameros.<\/p>\n\n\n\n<p>A SSP-SP (Secretaria de Seguran\u00e7a P\u00fablica do Estado de S\u00e3o Paulo) diz que os dados s\u00e3o divulgados na internet e&nbsp;&#8220;a pasta permanece \u00e0 disposi\u00e7\u00e3o da imprensa para o esclarecimento de d\u00favidas ou mais informa\u00e7\u00f5es&#8221;.<\/p>\n\n\n\n<p>\u00c9 o sexto ano seguido que o n\u00famero de v\u00edtimas de homic\u00eddios dolosos cai no primeiro semestre do ano. Entre janeiro e junho do ano passado, 1.570 pessoas foram assassinadas.<\/p>\n\n\n\n<p>Em nota publicada no site, a pasta destacou o recorde na s\u00e9rie hist\u00f3rica e informou ainda que &#8220;o trabalho realizado pelas tr\u00eas pol\u00edcias estaduais de janeiro a junho deste ano resultou em 100.124 pris\u00f5es&#8221;. E disse que a quantidade representa aumento de 6% no per\u00edodo.<\/p>\n\n\n\n<p><strong>Outros crimes<\/strong><\/p>\n\n\n\n<p>Os registros de estupros tamb\u00e9m est\u00e3o em queda no Estado de S\u00e3o Paulo. No primeiro semestre deste ano houve&nbsp;5.960 notifica\u00e7\u00f5e do crime sexual, enquanto no mesmo per\u00edodo do ano passado foram 6.110 (2,5% a mais).<\/p>\n\n\n\n<p>Do total de registros de estupros no primeiro semestre deste ano, 69,6% (866 casos denunciados) foram contra vulner\u00e1veis. Essa tipifica\u00e7\u00e3o \u00e9 feita pela SSP-SP desde setembro do ano passado.<\/p>\n\n\n\n<p><strong>Leia tamb\u00e9m:&nbsp;<a href=\"https:\/\/noticias.r7.com\/sao-paulo\/registros-de-estupros-voltam-a-crescer-em-sao-paulo-24052019\" target=\"_blank\" rel=\"noreferrer noopener\">Registros de estupros voltam a crescer em maio<\/a><\/strong><\/p>\n\n\n\n<p>O C\u00f3digo Penal prev\u00ea que estupro de vulner\u00e1vel \u00e9 o sexo com menores de 14 anos ou &#8220;com algu\u00e9m que, por enfermidade ou defici\u00eancia mental, n\u00e3o tem o necess\u00e1rio discernimento para a pr\u00e1tica do ato, ou que, por qualquer outra causa, n\u00e3o pode oferecer resist\u00eancia&#8221;.<\/p>\n\n\n\n<p>A tipifica\u00e7\u00e3o do crime de estupro foi alterada com a lei n\u00b0 12.015, de 2009. Os crimes de atentado violento ao pudor foram revogados, juntando ao de estupro e substituindo o conceito de presun\u00e7\u00e3o de viol\u00eancia pelo de estupro de vulner\u00e1vel.<\/p>\n\n\n\n<p>Entre janeiro e junho deste ano tamb\u00e9m houve 90 v\u00edtimas de latroc\u00ednios (roubo seguido de morte) em S\u00e3o Paulo. O n\u00famero tamb\u00e9m \u00e9 o menor da s\u00e9rie hist\u00f3rica, de acordo com os dados de SSP-SP. No mesmo per\u00edodo do ano passado houve 136 latroc\u00ednios.<\/p>\n\n\n\n<p><br><\/p>\n","protected":false},"excerpt":{"rendered":"<p>Entre janeiro de 2002, quando iniciou a divulga\u00e7\u00e3o dos dados estat\u00edsticos de criminalidade pelo governo de S\u00e3o Paulo, at\u00e9 junho deste ano, que s\u00e3o os&hellip; <\/p>\n","protected":false},"author":1,"featured_media":36853,"comment_status":"closed","ping_status":"closed","sticky":false,"template":"","format":"standard","meta":{"sfsi_plus_gutenberg_text_before_share":"","sfsi_plus_gutenberg_show_text_before_share":"","sfsi_plus_gutenberg_icon_type":"","sfsi_plus_gutenberg_icon_alignemt":"","sfsi_plus_gutenburg_max_per_row":"","footnotes":""},"categories":[12],"tags":[],"class_list":["post-106872","post","type-post","status-publish","format-standard","has-post-thumbnail","hentry","category-policia"],"_links":{"self":[{"href":"https:\/\/www.caririemacao.com\/1\/wp-json\/wp\/v2\/posts\/106872","targetHints":{"allow":["GET"]}}],"collection":[{"href":"https:\/\/www.caririemacao.com\/1\/wp-json\/wp\/v2\/posts"}],"about":[{"href":"https:\/\/www.caririemacao.com\/1\/wp-json\/wp\/v2\/types\/post"}],"author":[{"embeddable":true,"href":"https:\/\/www.caririemacao.com\/1\/wp-json\/wp\/v2\/users\/1"}],"replies":[{"embeddable":true,"href":"https:\/\/www.caririemacao.com\/1\/wp-json\/wp\/v2\/comments?post=106872"}],"version-history":[{"count":1,"href":"https:\/\/www.caririemacao.com\/1\/wp-json\/wp\/v2\/posts\/106872\/revisions"}],"predecessor-version":[{"id":106873,"href":"https:\/\/www.caririemacao.com\/1\/wp-json\/wp\/v2\/posts\/106872\/revisions\/106873"}],"wp:featuredmedia":[{"embeddable":true,"href":"https:\/\/www.caririemacao.com\/1\/wp-json\/wp\/v2\/media\/36853"}],"wp:attachment":[{"href":"https:\/\/www.caririemacao.com\/1\/wp-json\/wp\/v2\/media?parent=106872"}],"wp:term":[{"taxonomy":"category","embeddable":true,"href":"https:\/\/www.caririemacao.com\/1\/wp-json\/wp\/v2\/categories?post=106872"},{"taxonomy":"post_tag","embeddable":true,"href":"https:\/\/www.caririemacao.com\/1\/wp-json\/wp\/v2\/tags?post=106872"}],"curies":[{"name":"wp","href":"https:\/\/api.w.org\/{rel}","templated":true}]}}