{"id":106877,"date":"2019-07-26T10:49:23","date_gmt":"2019-07-26T13:49:23","guid":{"rendered":"http:\/\/www.caririemacao.com\/1\/?p=106877"},"modified":"2019-07-26T10:49:23","modified_gmt":"2019-07-26T13:49:23","slug":"prefeito-de-s-s-do-umbuzeiro-se-reune-com-joao-azevedo-e-encaminha-pleitos-do-municipio","status":"publish","type":"post","link":"https:\/\/www.caririemacao.com\/1\/2019\/07\/26\/prefeito-de-s-s-do-umbuzeiro-se-reune-com-joao-azevedo-e-encaminha-pleitos-do-municipio\/","title":{"rendered":"Prefeito de S. S. do Umbuzeiro se re\u00fane com Jo\u00e3o Azev\u00eado e encaminha pleitos do munic\u00edpio"},"content":{"rendered":"\n<p>Pessoa. A reuni\u00e3o foi articulada pelo presidente da Assembleia Legislativa, Adriano Galdino.<\/p>\n\n\n\n<p>Na oportunidade, Adriano encaminhou pleitos em benef\u00edcio do munic\u00edpio, e renovou o pedido para que seja feita a recupera\u00e7\u00e3o e manuten\u00e7\u00e3o da estrada que liga S\u00e3o Sebasti\u00e3o do Umbuzeiro at\u00e9 a divisa com o estado de Pernambuco, e tamb\u00e9m a conclus\u00e3o da adutora de Camala\u00fa que levar\u00e1 \u00e1gua para S\u00e3o Sebasti\u00e3o do Umbuzeiro, S\u00e3o Jo\u00e3o do Tigre e Zabel\u00ea.<\/p>\n\n\n\n<p>&#8220;Foi uma reuni\u00e3o muito proveitosa. Falamos tamb\u00e9m da constru\u00e7\u00e3o da pra\u00e7a do Bairro Frei Dami\u00e3o, que est\u00e1 paralisada pela empresa, e cobramos a reforma do Col\u00e9gio Estadual, o qual as obras devem iniciar no in\u00edcio de 202. Tamb\u00e9m devemos firmar ainda este ano, um conv\u00eanio para reforma da Pra\u00e7a Central, onde ser\u00e1 constru\u00eddo um cal\u00e7ad\u00e3o ligando uma pra\u00e7a a outra, uma ciclovia e pista de caminhada, e com isso n\u00f3s teremos um local adequado para praticas de corridas, caminhadas e ciclismo para crian\u00e7as e adultos&#8221;, afirmou o prefeito Adriano Wolff.<\/p>\n\n\n\n<p><\/p>\n\n\n\n<figure class=\"wp-block-image\"><a href=\"https:\/\/1.bp.blogspot.com\/-a4GDheD0Eo0\/XTr-b3TDz_I\/AAAAAAAAkPM\/JeulVjgQ658Bs8I6iQmmwZNtV7KhPcdzQCLcBGAs\/s1600\/004%2B-%2BCopia.jpeg\"><img decoding=\"async\" data-src=\"https:\/\/1.bp.blogspot.com\/-a4GDheD0Eo0\/XTr-b3TDz_I\/AAAAAAAAkPM\/JeulVjgQ658Bs8I6iQmmwZNtV7KhPcdzQCLcBGAs\/s320\/004%2B-%2BCopia.jpeg\" alt=\"\" src=\"data:image\/svg+xml;base64,PHN2ZyB3aWR0aD0iMSIgaGVpZ2h0PSIxIiB4bWxucz0iaHR0cDovL3d3dy53My5vcmcvMjAwMC9zdmciPjwvc3ZnPg==\" class=\"lazyload\" \/><\/a><\/figure>\n","protected":false},"excerpt":{"rendered":"<p>Pessoa. A reuni\u00e3o foi articulada pelo presidente da Assembleia Legislativa, Adriano Galdino. Na oportunidade, Adriano encaminhou pleitos em benef\u00edcio do munic\u00edpio, e renovou o pedido&hellip; <\/p>\n","protected":false},"author":1,"featured_media":106878,"comment_status":"closed","ping_status":"closed","sticky":false,"template":"","format":"standard","meta":{"sfsi_plus_gutenberg_text_before_share":"","sfsi_plus_gutenberg_show_text_before_share":"","sfsi_plus_gutenberg_icon_type":"","sfsi_plus_gutenberg_icon_alignemt":"","sfsi_plus_gutenburg_max_per_row":"","footnotes":""},"categories":[11],"tags":[],"class_list":["post-106877","post","type-post","status-publish","format-standard","has-post-thumbnail","hentry","category-politica"],"_links":{"self":[{"href":"https:\/\/www.caririemacao.com\/1\/wp-json\/wp\/v2\/posts\/106877","targetHints":{"allow":["GET"]}}],"collection":[{"href":"https:\/\/www.caririemacao.com\/1\/wp-json\/wp\/v2\/posts"}],"about":[{"href":"https:\/\/www.caririemacao.com\/1\/wp-json\/wp\/v2\/types\/post"}],"author":[{"embeddable":true,"href":"https:\/\/www.caririemacao.com\/1\/wp-json\/wp\/v2\/users\/1"}],"replies":[{"embeddable":true,"href":"https:\/\/www.caririemacao.com\/1\/wp-json\/wp\/v2\/comments?post=106877"}],"version-history":[{"count":1,"href":"https:\/\/www.caririemacao.com\/1\/wp-json\/wp\/v2\/posts\/106877\/revisions"}],"predecessor-version":[{"id":106879,"href":"https:\/\/www.caririemacao.com\/1\/wp-json\/wp\/v2\/posts\/106877\/revisions\/106879"}],"wp:featuredmedia":[{"embeddable":true,"href":"https:\/\/www.caririemacao.com\/1\/wp-json\/wp\/v2\/media\/106878"}],"wp:attachment":[{"href":"https:\/\/www.caririemacao.com\/1\/wp-json\/wp\/v2\/media?parent=106877"}],"wp:term":[{"taxonomy":"category","embeddable":true,"href":"https:\/\/www.caririemacao.com\/1\/wp-json\/wp\/v2\/categories?post=106877"},{"taxonomy":"post_tag","embeddable":true,"href":"https:\/\/www.caririemacao.com\/1\/wp-json\/wp\/v2\/tags?post=106877"}],"curies":[{"name":"wp","href":"https:\/\/api.w.org\/{rel}","templated":true}]}}