{"id":106882,"date":"2019-07-26T11:00:59","date_gmt":"2019-07-26T14:00:59","guid":{"rendered":"http:\/\/www.caririemacao.com\/1\/?p=106882"},"modified":"2019-07-26T11:00:59","modified_gmt":"2019-07-26T14:00:59","slug":"prefeito-de-s-s-do-umbuzeiro-se-reune-com-joao-azevedo-e-encaminha-pleitos-do-municipio-2","status":"publish","type":"post","link":"https:\/\/www.caririemacao.com\/1\/2019\/07\/26\/prefeito-de-s-s-do-umbuzeiro-se-reune-com-joao-azevedo-e-encaminha-pleitos-do-municipio-2\/","title":{"rendered":"Prefeito de S. S. do Umbuzeiro se re\u00fane com Jo\u00e3o Azev\u00eado e encaminha pleitos do munic\u00edpio"},"content":{"rendered":"\n<p>O Prefeito de S\u00e3o Sebasti\u00e3o do Umbuzeiro, Adriano Wolff, acompanhado do vice-prefeito Chico Mariano, participou nesta quinta-feira (25), de uma audi\u00eancia com o governador Jo\u00e3o Azev\u00eado, em Jo\u00e3o Pessoa.<\/p>\n\n\n\n<figure class=\"wp-block-image\"><img fetchpriority=\"high\" decoding=\"async\" width=\"320\" height=\"212\" src=\"http:\/\/www.caririemacao.com\/1\/wp-content\/uploads\/2019\/07\/004-Copia.jpeg\" alt=\"\" class=\"wp-image-106883\" srcset=\"https:\/\/www.caririemacao.com\/1\/wp-content\/uploads\/2019\/07\/004-Copia.jpeg 320w, https:\/\/www.caririemacao.com\/1\/wp-content\/uploads\/2019\/07\/004-Copia-300x199.jpeg 300w\" sizes=\"(max-width: 320px) 100vw, 320px\" \/><\/figure>\n\n\n\n<p> A reuni\u00e3o foi articulada pelo presidente da Assembleia Legislativa, Adriano Galdino.Na oportunidade, Adriano encaminhou pleitos em benef\u00edcio do munic\u00edpio, e renovou o pedido para que seja feita a recupera\u00e7\u00e3o e manuten\u00e7\u00e3o da estrada que liga S\u00e3o Sebasti\u00e3o do Umbuzeiro at\u00e9 a divisa com o estado de Pernambuco, e tamb\u00e9m a conclus\u00e3o da adutora de Camala\u00fa que levar\u00e1 \u00e1gua para S\u00e3o Sebasti\u00e3o do Umbuzeiro, S\u00e3o Jo\u00e3o do Tigre e Zabel\u00ea.<\/p>\n\n\n\n<figure class=\"wp-block-image\"><img decoding=\"async\" width=\"1024\" height=\"679\" data-src=\"http:\/\/www.caririemacao.com\/1\/wp-content\/uploads\/2019\/07\/004-1-1024x679.jpeg\" alt=\"\" class=\"wp-image-106884 lazyload\" data-srcset=\"https:\/\/www.caririemacao.com\/1\/wp-content\/uploads\/2019\/07\/004-1-1024x679.jpeg 1024w, https:\/\/www.caririemacao.com\/1\/wp-content\/uploads\/2019\/07\/004-1-300x199.jpeg 300w, https:\/\/www.caririemacao.com\/1\/wp-content\/uploads\/2019\/07\/004-1-768x510.jpeg 768w, https:\/\/www.caririemacao.com\/1\/wp-content\/uploads\/2019\/07\/004-1.jpeg 1242w\" data-sizes=\"(max-width: 1024px) 100vw, 1024px\" src=\"data:image\/svg+xml;base64,PHN2ZyB3aWR0aD0iMSIgaGVpZ2h0PSIxIiB4bWxucz0iaHR0cDovL3d3dy53My5vcmcvMjAwMC9zdmciPjwvc3ZnPg==\" style=\"--smush-placeholder-width: 1024px; --smush-placeholder-aspect-ratio: 1024\/679;\" \/><\/figure>\n\n\n\n<p>&#8220;Foi uma reuni\u00e3o muito proveitosa. Falamos tamb\u00e9m da constru\u00e7\u00e3o da pra\u00e7a do Bairro Frei Dami\u00e3o, que est\u00e1 paralisada pela empresa, e cobramos a reforma do Col\u00e9gio Estadual, o qual as obras devem iniciar no in\u00edcio de 202. <\/p>\n\n\n\n<p>Tamb\u00e9m devemos firmar ainda este ano, um conv\u00eanio para reforma da Pra\u00e7a Central, onde ser\u00e1 constru\u00eddo um cal\u00e7ad\u00e3o ligando uma pra\u00e7a a outra, uma ciclovia e pista de caminhada, e com isso n\u00f3s teremos um local adequado para praticas de corridas, caminhadas e ciclismo para crian\u00e7as e adultos&#8221;, afirmou o prefeito Adriano Wolff.<\/p>\n","protected":false},"excerpt":{"rendered":"<p>O Prefeito de S\u00e3o Sebasti\u00e3o do Umbuzeiro, Adriano Wolff, acompanhado do vice-prefeito Chico Mariano, participou nesta quinta-feira (25), de uma audi\u00eancia com o governador Jo\u00e3o&hellip; <\/p>\n","protected":false},"author":1,"featured_media":106885,"comment_status":"closed","ping_status":"closed","sticky":false,"template":"","format":"standard","meta":{"sfsi_plus_gutenberg_text_before_share":"","sfsi_plus_gutenberg_show_text_before_share":"","sfsi_plus_gutenberg_icon_type":"","sfsi_plus_gutenberg_icon_alignemt":"","sfsi_plus_gutenburg_max_per_row":"","footnotes":""},"categories":[6,50,11],"tags":[],"class_list":["post-106882","post","type-post","status-publish","format-standard","has-post-thumbnail","hentry","category-cidades","category-destaque","category-politica"],"_links":{"self":[{"href":"https:\/\/www.caririemacao.com\/1\/wp-json\/wp\/v2\/posts\/106882","targetHints":{"allow":["GET"]}}],"collection":[{"href":"https:\/\/www.caririemacao.com\/1\/wp-json\/wp\/v2\/posts"}],"about":[{"href":"https:\/\/www.caririemacao.com\/1\/wp-json\/wp\/v2\/types\/post"}],"author":[{"embeddable":true,"href":"https:\/\/www.caririemacao.com\/1\/wp-json\/wp\/v2\/users\/1"}],"replies":[{"embeddable":true,"href":"https:\/\/www.caririemacao.com\/1\/wp-json\/wp\/v2\/comments?post=106882"}],"version-history":[{"count":1,"href":"https:\/\/www.caririemacao.com\/1\/wp-json\/wp\/v2\/posts\/106882\/revisions"}],"predecessor-version":[{"id":106886,"href":"https:\/\/www.caririemacao.com\/1\/wp-json\/wp\/v2\/posts\/106882\/revisions\/106886"}],"wp:featuredmedia":[{"embeddable":true,"href":"https:\/\/www.caririemacao.com\/1\/wp-json\/wp\/v2\/media\/106885"}],"wp:attachment":[{"href":"https:\/\/www.caririemacao.com\/1\/wp-json\/wp\/v2\/media?parent=106882"}],"wp:term":[{"taxonomy":"category","embeddable":true,"href":"https:\/\/www.caririemacao.com\/1\/wp-json\/wp\/v2\/categories?post=106882"},{"taxonomy":"post_tag","embeddable":true,"href":"https:\/\/www.caririemacao.com\/1\/wp-json\/wp\/v2\/tags?post=106882"}],"curies":[{"name":"wp","href":"https:\/\/api.w.org\/{rel}","templated":true}]}}