{"id":106887,"date":"2019-07-26T13:01:39","date_gmt":"2019-07-26T16:01:39","guid":{"rendered":"http:\/\/www.caririemacao.com\/1\/?p=106887"},"modified":"2019-07-26T13:01:39","modified_gmt":"2019-07-26T16:01:39","slug":"prefeito-de-caraubas-se-reune-com-joao-azevedo-e-encaminha-pleitos-do-municipio","status":"publish","type":"post","link":"https:\/\/www.caririemacao.com\/1\/2019\/07\/26\/prefeito-de-caraubas-se-reune-com-joao-azevedo-e-encaminha-pleitos-do-municipio\/","title":{"rendered":"Prefeito de Cara\u00fabas se re\u00fane com Jo\u00e3o Azev\u00eado e encaminha pleitos do munic\u00edpio"},"content":{"rendered":"\n<p>O prefeito Silvano Dudu, do munic\u00edpio de Cara\u00fabas, participou na tarde de ontem, dia 25\/07, de audi\u00eancia com o governador Jo\u00e3o Azevedo e agendada pelo Deputado e presidente da Assembleia Legislativa, Adriano Galdino, o qual aproveitou a oportunidade para encaminhar pleitos importantes do munic\u00edpio junto ao Governo do Estado.<br>\nTamb\u00e9m participaram da audi\u00eancia os secret\u00e1rios estaduais de Articula\u00e7\u00e3o Pol\u00edtica, Jo\u00e3o Gon\u00e7alves, o secret\u00e1rio Chefe de Gabinete Ronaldo Guerra e o secret\u00e1rio municipal do Planejamento, Comunica\u00e7\u00e3o Institucional e Gest\u00e3o, jornalista Eduardo Belo.<br>\nEntre as principais reivindica\u00e7\u00f5es ao Governo Estadual o prefeito solicitou a implanta\u00e7\u00e3o do sistema de Abastecimento d\u2019\u00e1gua do Distrito de Barreiras, uma vez que a popula\u00e7\u00e3o daquela localidade n\u00e3o \u00e9 beneficiada por nenhum sistema adutor. Fizemos muitos outros pedidos e o governador juntamente com o amigo e deputado Adriano Galdino nos atenderam muito bem e ficaram de atender os pedidos que iram beneficiar os caraubenses, afirmou o prefeito.<br>\nTivemos a oportunidade de conversar com as duas maiores lideran\u00e7as do Estado da Para\u00edba, garantindo o nosso apoio administrativo e renovando os nossos compromissos de continuar apoiando as iniciativas do Governo do Estado, em Cara\u00fabas. Essa parceria \u00e9 fundamental para o desenvolvimento econ\u00f4mico e social do nosso munic\u00edpio, pois, trar\u00e1 alento ao nosso povo que sofre com as constantes secas assoladas pela estiagem que anualmente tem castigado o semi\u00e1rido paraibano, disse ele.<br>\nVamos aguardar os contatos administrativos para que possamos iniciar as obras que foram solicitadas. Posso garantir que s\u00e3o obras estruturante e que h\u00e1 muito tempo sonhada de toda popula\u00e7\u00e3o, garantiu o prefeito Silvano que agradeceu ao Deputado Adriano Galdino por ter intermediado essa audi\u00eancia com o governador Jo\u00e3o.<\/p>\n\n\n\n<p>Fonte: SEPLACOM<br>Foto: Arquivo Assessoria<\/p>\n","protected":false},"excerpt":{"rendered":"<p>O prefeito Silvano Dudu, do munic\u00edpio de Cara\u00fabas, participou na tarde de ontem, dia 25\/07, de audi\u00eancia com o governador Jo\u00e3o Azevedo e agendada pelo&hellip; <\/p>\n","protected":false},"author":1,"featured_media":106889,"comment_status":"closed","ping_status":"closed","sticky":false,"template":"","format":"standard","meta":{"sfsi_plus_gutenberg_text_before_share":"","sfsi_plus_gutenberg_show_text_before_share":"","sfsi_plus_gutenberg_icon_type":"","sfsi_plus_gutenberg_icon_alignemt":"","sfsi_plus_gutenburg_max_per_row":"","footnotes":""},"categories":[6,50],"tags":[],"class_list":["post-106887","post","type-post","status-publish","format-standard","has-post-thumbnail","hentry","category-cidades","category-destaque"],"_links":{"self":[{"href":"https:\/\/www.caririemacao.com\/1\/wp-json\/wp\/v2\/posts\/106887","targetHints":{"allow":["GET"]}}],"collection":[{"href":"https:\/\/www.caririemacao.com\/1\/wp-json\/wp\/v2\/posts"}],"about":[{"href":"https:\/\/www.caririemacao.com\/1\/wp-json\/wp\/v2\/types\/post"}],"author":[{"embeddable":true,"href":"https:\/\/www.caririemacao.com\/1\/wp-json\/wp\/v2\/users\/1"}],"replies":[{"embeddable":true,"href":"https:\/\/www.caririemacao.com\/1\/wp-json\/wp\/v2\/comments?post=106887"}],"version-history":[{"count":1,"href":"https:\/\/www.caririemacao.com\/1\/wp-json\/wp\/v2\/posts\/106887\/revisions"}],"predecessor-version":[{"id":106890,"href":"https:\/\/www.caririemacao.com\/1\/wp-json\/wp\/v2\/posts\/106887\/revisions\/106890"}],"wp:featuredmedia":[{"embeddable":true,"href":"https:\/\/www.caririemacao.com\/1\/wp-json\/wp\/v2\/media\/106889"}],"wp:attachment":[{"href":"https:\/\/www.caririemacao.com\/1\/wp-json\/wp\/v2\/media?parent=106887"}],"wp:term":[{"taxonomy":"category","embeddable":true,"href":"https:\/\/www.caririemacao.com\/1\/wp-json\/wp\/v2\/categories?post=106887"},{"taxonomy":"post_tag","embeddable":true,"href":"https:\/\/www.caririemacao.com\/1\/wp-json\/wp\/v2\/tags?post=106887"}],"curies":[{"name":"wp","href":"https:\/\/api.w.org\/{rel}","templated":true}]}}