{"id":106895,"date":"2019-07-26T13:05:58","date_gmt":"2019-07-26T16:05:58","guid":{"rendered":"http:\/\/www.caririemacao.com\/1\/?p=106895"},"modified":"2019-07-26T13:05:58","modified_gmt":"2019-07-26T16:05:58","slug":"jefferson-e-fernando-se-reunem-com-joao-azevedo-e-fazem-varios-pleitos-para-sao-jose-dos-cordeiros","status":"publish","type":"post","link":"https:\/\/www.caririemacao.com\/1\/2019\/07\/26\/jefferson-e-fernando-se-reunem-com-joao-azevedo-e-fazem-varios-pleitos-para-sao-jose-dos-cordeiros\/","title":{"rendered":"Jefferson e Fernando se re\u00fanem com Jo\u00e3o Azevedo e fazem v\u00e1rios pleitos para S\u00e3o Jos\u00e9 dos Cordeiros"},"content":{"rendered":"\n<p>O prefeito Jefferson Roberto esteve acompanhado do ex-prefeito Fernando Queiroz e do deputado estadual Adriano Galdino em reuni\u00e3o com o governador Jo\u00e3o Azevedo na tarde desta quinta-feira (25). O encontro serviu para que os l\u00edderes cordeirenses apresentassem as principais demandas de S\u00e3o Jos\u00e9 dos Cordeiros para que o Governo do Estado possa se planejar quanto \u00e0s a\u00e7\u00f5es no munic\u00edpio durante a atual gest\u00e3o.<\/p>\n\n\n\n<p>O prefeito Jefferson Roberto levou pleitos e mais do que isso j\u00e1 alguns projetos de obras para o munic\u00edpio, o que levou o governador a garantir algumas a\u00e7\u00f5es. Jo\u00e3o Azevedo assegurou a constru\u00e7\u00e3o de passagens molhadas solicitadas pelo prefeito, perfura\u00e7\u00e3o de po\u00e7os e sistemas de \u00e1gua doce.<\/p>\n\n\n\n<p>Jefferson e Fernando ainda fortaleceram o pedido para a constru\u00e7\u00e3o da estrada que liga S\u00e3o Jos\u00e9 dos Cordeiros a Livramento, o que recebeu do governador a garantia de que ainda este ano estar\u00e1 autorizando a licita\u00e7\u00e3o para a importante obra num investimento de mais de 90 milh\u00f5es.<\/p>\n\n\n\n<p>Os l\u00edderes cordeirenses ainda solicitaram cal\u00e7amento de ruas, apoio financeiro ao hospital de Serra Branca, que atende todos os munic\u00edpios vizinhos e a constru\u00e7\u00e3o de uma nova escola estadual. Sobre este \u00faltimo pleito, o governador enviou a solicita\u00e7\u00e3o direto \u00e0 equipe de planejamento para estudos e viabiliza\u00e7\u00e3o financeira.<\/p>\n\n\n\n<p>Em conjunto com os prefeitos de Parari (Josa) e de Serra Branca (Souzinha) , o prefeito Jefferson Roberto ainda pediu a constru\u00e7\u00e3o da passagem molhada da comunidade de Algod\u00e3o de Baixo.<\/p>\n\n\n\n<p>Para o prefeito Jefferson Roberto, o encontro foi bastante proveitoso e foi a oportunidade de levar ao governador o conhecimento das principais demandas de S\u00e3o Jos\u00e9 dos Cordeiros, especialmente neste in\u00edcio de sua gest\u00e3o que ainda tem pelo menos tr\u00eas anos pela frente.<\/p>\n\n\n\n<p>Fernando Queiroz, ex-prefeito da cidade, tamb\u00e9m teve opini\u00e3o similar e destacou ainda que o encontro foi importante para reafirmar o compromisso do Governo com aquela que ser\u00e1 uma das mais importantes obras para o munic\u00edpio, a estrada que ligar\u00e1 S\u00e3o Jos\u00e9 dos Cordeiros a Livramento. \u201cVamos fechar o cintur\u00e3o de acesso para nossa cidade\u201d, comemorou.<\/p>\n\n\n\n<p><strong>De Olho no Cariri<\/strong><\/p>\n","protected":false},"excerpt":{"rendered":"<p>O prefeito Jefferson Roberto esteve acompanhado do ex-prefeito Fernando Queiroz e do deputado estadual Adriano Galdino em reuni\u00e3o com o governador Jo\u00e3o Azevedo na tarde&hellip; <\/p>\n","protected":false},"author":1,"featured_media":106896,"comment_status":"closed","ping_status":"closed","sticky":false,"template":"","format":"standard","meta":{"sfsi_plus_gutenberg_text_before_share":"","sfsi_plus_gutenberg_show_text_before_share":"","sfsi_plus_gutenberg_icon_type":"","sfsi_plus_gutenberg_icon_alignemt":"","sfsi_plus_gutenburg_max_per_row":"","footnotes":""},"categories":[50,2],"tags":[],"class_list":["post-106895","post","type-post","status-publish","format-standard","has-post-thumbnail","hentry","category-destaque","category-geral"],"_links":{"self":[{"href":"https:\/\/www.caririemacao.com\/1\/wp-json\/wp\/v2\/posts\/106895","targetHints":{"allow":["GET"]}}],"collection":[{"href":"https:\/\/www.caririemacao.com\/1\/wp-json\/wp\/v2\/posts"}],"about":[{"href":"https:\/\/www.caririemacao.com\/1\/wp-json\/wp\/v2\/types\/post"}],"author":[{"embeddable":true,"href":"https:\/\/www.caririemacao.com\/1\/wp-json\/wp\/v2\/users\/1"}],"replies":[{"embeddable":true,"href":"https:\/\/www.caririemacao.com\/1\/wp-json\/wp\/v2\/comments?post=106895"}],"version-history":[{"count":1,"href":"https:\/\/www.caririemacao.com\/1\/wp-json\/wp\/v2\/posts\/106895\/revisions"}],"predecessor-version":[{"id":106897,"href":"https:\/\/www.caririemacao.com\/1\/wp-json\/wp\/v2\/posts\/106895\/revisions\/106897"}],"wp:featuredmedia":[{"embeddable":true,"href":"https:\/\/www.caririemacao.com\/1\/wp-json\/wp\/v2\/media\/106896"}],"wp:attachment":[{"href":"https:\/\/www.caririemacao.com\/1\/wp-json\/wp\/v2\/media?parent=106895"}],"wp:term":[{"taxonomy":"category","embeddable":true,"href":"https:\/\/www.caririemacao.com\/1\/wp-json\/wp\/v2\/categories?post=106895"},{"taxonomy":"post_tag","embeddable":true,"href":"https:\/\/www.caririemacao.com\/1\/wp-json\/wp\/v2\/tags?post=106895"}],"curies":[{"name":"wp","href":"https:\/\/api.w.org\/{rel}","templated":true}]}}