{"id":106902,"date":"2019-07-26T13:18:36","date_gmt":"2019-07-26T16:18:36","guid":{"rendered":"http:\/\/www.caririemacao.com\/1\/?p=106902"},"modified":"2019-07-26T13:18:36","modified_gmt":"2019-07-26T16:18:36","slug":"apos-ataque-de-bolsonaro-redes-sociais-divulgam-nordeste-independente-e-sugerem-novo-presidente","status":"publish","type":"post","link":"https:\/\/www.caririemacao.com\/1\/2019\/07\/26\/apos-ataque-de-bolsonaro-redes-sociais-divulgam-nordeste-independente-e-sugerem-novo-presidente\/","title":{"rendered":"Ap\u00f3s ataque de Bolsonaro, redes sociais divulgam \u201cNordeste independente\u201d e sugerem novo presidente"},"content":{"rendered":"\n<p>Ap\u00f3s ataque ao Nordeste pelo presidente Jair Bolsonaro (PSL), um banner vem circulando nas redes sociais e aplicativos de mensagens falando sobre uma suposta independ\u00eancia dos nove estados que comp\u00f5em a regi\u00e3o.<\/p>\n\n\n\n<p>Com a frase: \u201cNordeste independente Ricardo presidente\u201d, fazendo men\u00e7\u00e3o ao ex-governador paraibano, o banner vem sendo compartilhado entre os paraibanos.<\/p>\n\n\n\n<p><strong>ENTENDA<\/strong><br>O presidente Jair Bolsonaro disse nesta sexta-feira (19) que, \u201cdaqueles governadores de \u2018para\u00edba\u2019, o pior \u00e9 o do Maranh\u00e3o; tem que ter nada com esse cara\u201d. O uso de um termo pejorativo para se referir aos nordestinos provocou a rea\u00e7\u00e3o de governadores da regi\u00e3o, que manifestaram \u201cespanto e profunda indigna\u00e7\u00e3o\u201d.<\/p>\n\n\n\n<p><strong>LEGISLA\u00c7\u00c3O<\/strong><br>Segundo Constitui\u00e7\u00e3o Federal nenhum estado pode se separar da federa\u00e7\u00e3o. Na d\u00e9cada de 90 um estado tentou ser independente, por\u00e9m sem \u00eaxito.<\/p>\n\n\n\n<p>DI\u00c1RIO DO SERT\u00c3O<\/p>\n","protected":false},"excerpt":{"rendered":"<p>Ap\u00f3s ataque ao Nordeste pelo presidente Jair Bolsonaro (PSL), um banner vem circulando nas redes sociais e aplicativos de mensagens falando sobre uma suposta independ\u00eancia&hellip; <\/p>\n","protected":false},"author":1,"featured_media":106903,"comment_status":"closed","ping_status":"closed","sticky":false,"template":"","format":"standard","meta":{"sfsi_plus_gutenberg_text_before_share":"","sfsi_plus_gutenberg_show_text_before_share":"","sfsi_plus_gutenberg_icon_type":"","sfsi_plus_gutenberg_icon_alignemt":"","sfsi_plus_gutenburg_max_per_row":"","footnotes":""},"categories":[11],"tags":[],"class_list":["post-106902","post","type-post","status-publish","format-standard","has-post-thumbnail","hentry","category-politica"],"_links":{"self":[{"href":"https:\/\/www.caririemacao.com\/1\/wp-json\/wp\/v2\/posts\/106902","targetHints":{"allow":["GET"]}}],"collection":[{"href":"https:\/\/www.caririemacao.com\/1\/wp-json\/wp\/v2\/posts"}],"about":[{"href":"https:\/\/www.caririemacao.com\/1\/wp-json\/wp\/v2\/types\/post"}],"author":[{"embeddable":true,"href":"https:\/\/www.caririemacao.com\/1\/wp-json\/wp\/v2\/users\/1"}],"replies":[{"embeddable":true,"href":"https:\/\/www.caririemacao.com\/1\/wp-json\/wp\/v2\/comments?post=106902"}],"version-history":[{"count":1,"href":"https:\/\/www.caririemacao.com\/1\/wp-json\/wp\/v2\/posts\/106902\/revisions"}],"predecessor-version":[{"id":106904,"href":"https:\/\/www.caririemacao.com\/1\/wp-json\/wp\/v2\/posts\/106902\/revisions\/106904"}],"wp:featuredmedia":[{"embeddable":true,"href":"https:\/\/www.caririemacao.com\/1\/wp-json\/wp\/v2\/media\/106903"}],"wp:attachment":[{"href":"https:\/\/www.caririemacao.com\/1\/wp-json\/wp\/v2\/media?parent=106902"}],"wp:term":[{"taxonomy":"category","embeddable":true,"href":"https:\/\/www.caririemacao.com\/1\/wp-json\/wp\/v2\/categories?post=106902"},{"taxonomy":"post_tag","embeddable":true,"href":"https:\/\/www.caririemacao.com\/1\/wp-json\/wp\/v2\/tags?post=106902"}],"curies":[{"name":"wp","href":"https:\/\/api.w.org\/{rel}","templated":true}]}}