{"id":106907,"date":"2019-07-26T14:31:21","date_gmt":"2019-07-26T17:31:21","guid":{"rendered":"http:\/\/www.caririemacao.com\/1\/?p=106907"},"modified":"2019-07-26T14:31:21","modified_gmt":"2019-07-26T17:31:21","slug":"governo-divulga-portaria-com-novas-regras-sobre-deportacao-e-entrada-no-brasil-de-pessoas-perigosas","status":"publish","type":"post","link":"https:\/\/www.caririemacao.com\/1\/2019\/07\/26\/governo-divulga-portaria-com-novas-regras-sobre-deportacao-e-entrada-no-brasil-de-pessoas-perigosas\/","title":{"rendered":"Governo divulga portaria com novas regras sobre deporta\u00e7\u00e3o e entrada no Brasil de pessoas &#8216;perigosas&#8217;"},"content":{"rendered":"\n<p>Por meio de uma portaria, assinada pelo&nbsp;ministro da Justi\u00e7a e Seguran\u00e7a P\u00fablica, S\u00e9rgio Moro, as regras para proibi\u00e7\u00e3o de entrada de estrangeiros no pa\u00eds, deporta\u00e7\u00e3o e repatria\u00e7\u00e3o de pessoas ficar\u00e3o mais r\u00edgidas. A portaria foi publicada no &#8220;Di\u00e1rio Oficial da Uni\u00e3o&#8221;.<br><\/p>\n\n\n\n<p>A portaria impede de entrar no pa\u00eds, al\u00e9m de permitir a repatria\u00e7\u00e3o e a deporta\u00e7\u00e3o sum\u00e1ria, de pessoa considerada perigosa para a seguran\u00e7a do pa\u00eds ou que tenha praticado ato contr\u00e1rio aos princ\u00edpios e objetivos da Constitui\u00e7\u00e3o brasileira.<\/p>\n\n\n\n<p>Segundo a determina\u00e7\u00e3o do ministro, s\u00e3o consideradas pessoas perigosas os suspeitos de envolvimento nos seguintes atos:&nbsp;terrorismo;&nbsp;grupo criminoso organizado ou associa\u00e7\u00e3o criminosa armada ou que tenha armas \u00e0 disposi\u00e7\u00e3o;&nbsp;tr\u00e1fico de drogas, pessoas ou armas de fogo;&nbsp;pornografia ou explora\u00e7\u00e3o sexual infanto-juvenil; e&nbsp;torcida com hist\u00f3rico de viol\u00eancia em est\u00e1dios.<br><\/p>\n\n\n\n<p>O texto publicado estabelece que caber\u00e1 \u00e0 autoridade migrat\u00f3ria reconhecer e avaliar se a pessoa se enquadra nos atos mencionados acima, com base nas seguintes informa\u00e7\u00f5es:&nbsp;difus\u00e3o ou informa\u00e7\u00e3o oficial em a\u00e7\u00e3o de coopera\u00e7\u00e3o internacional;&nbsp;lista de restri\u00e7\u00f5es exaradas por ordem judicial ou por compromisso assumido pela Rep\u00fablica Federativa do Brasil perante organismo internacional ou Estado estrangeiro;&nbsp;informa\u00e7\u00e3o de intelig\u00eancia proveniente de autoridade brasileira ou estrangeira;&nbsp;investiga\u00e7\u00e3o criminal em curso; e&nbsp;senten\u00e7a penal condenat\u00f3ria.<\/p>\n\n\n\n<p><strong>Deporta\u00e7\u00e3o&nbsp; &nbsp; &nbsp; &nbsp; &nbsp; &nbsp; &nbsp; &nbsp; &nbsp; &nbsp; &nbsp; &nbsp; &nbsp; &nbsp; &nbsp; &nbsp;&nbsp;<\/strong><br><\/p>\n\n\n\n<p>A portaria prev\u00ea que a pessoa enquadrada na deporta\u00e7\u00e3o ser\u00e1 pessoalmente notificada para que apresente defesa ou deixe o pa\u00eds voluntariamente, no prazo de at\u00e9 48 horas, contado da notifica\u00e7\u00e3o.<\/p>\n\n\n\n<p>Se a pessoa n\u00e3o possuir advogado para atuar em sua defesa, a Defensoria P\u00fablica dever\u00e1 ser notificada, preferencialmente por meio eletr\u00f4nico, para manifesta\u00e7\u00e3o no per\u00edodo de 48 horas.<\/p>\n\n\n\n<p>Ainda de acordo com a portaria, a aus\u00eancia de manifesta\u00e7\u00e3o no prazo de 48 horas n\u00e3o impedir\u00e1 a deporta\u00e7\u00e3o.<\/p>\n\n\n\n<p><strong>Regras&nbsp; &nbsp; &nbsp; &nbsp; &nbsp; &nbsp; &nbsp; &nbsp; &nbsp; &nbsp; &nbsp; &nbsp; &nbsp; &nbsp; &nbsp; &nbsp;&nbsp;<\/strong><br>Atualmente, a lei que implementa o Estatuto dos Refugiados (Lei 9.474\/97) j\u00e1 define que pessoa considerada perigosa n\u00e3o pode pedir ref\u00fagio ao Brasil.<\/p>\n\n\n\n<p>A Lei de Migra\u00e7\u00e3o (Lei 9.474\/17) j\u00e1 impede de entrar no pa\u00eds, e permite deporta\u00e7\u00e3o, de pessoa que tenha praticado ato contr\u00e1rio aos princ\u00edpios e objetivos da Constitui\u00e7\u00e3o.<\/p>\n\n\n\n<p>A lei de Migra\u00e7\u00e3o foi regulamentada pelo por um decreto (decreto 9.199), tamb\u00e9m de 2017, que detalhou a concess\u00e3o vistos pelo Brasil e o registro do imigrante, bem como estabeleceu regras para pedidos de asilo, ref\u00fagio e resid\u00eancia, repatria\u00e7\u00e3o e deporta\u00e7\u00e3o.<\/p>\n","protected":false},"excerpt":{"rendered":"<p>Por meio de uma portaria, assinada pelo&nbsp;ministro da Justi\u00e7a e Seguran\u00e7a P\u00fablica, S\u00e9rgio Moro, as regras para proibi\u00e7\u00e3o de entrada de estrangeiros no pa\u00eds, deporta\u00e7\u00e3o&hellip; <\/p>\n","protected":false},"author":1,"featured_media":103567,"comment_status":"closed","ping_status":"closed","sticky":false,"template":"","format":"standard","meta":{"sfsi_plus_gutenberg_text_before_share":"","sfsi_plus_gutenberg_show_text_before_share":"","sfsi_plus_gutenberg_icon_type":"","sfsi_plus_gutenberg_icon_alignemt":"","sfsi_plus_gutenburg_max_per_row":"","footnotes":""},"categories":[11],"tags":[],"class_list":["post-106907","post","type-post","status-publish","format-standard","has-post-thumbnail","hentry","category-politica"],"_links":{"self":[{"href":"https:\/\/www.caririemacao.com\/1\/wp-json\/wp\/v2\/posts\/106907","targetHints":{"allow":["GET"]}}],"collection":[{"href":"https:\/\/www.caririemacao.com\/1\/wp-json\/wp\/v2\/posts"}],"about":[{"href":"https:\/\/www.caririemacao.com\/1\/wp-json\/wp\/v2\/types\/post"}],"author":[{"embeddable":true,"href":"https:\/\/www.caririemacao.com\/1\/wp-json\/wp\/v2\/users\/1"}],"replies":[{"embeddable":true,"href":"https:\/\/www.caririemacao.com\/1\/wp-json\/wp\/v2\/comments?post=106907"}],"version-history":[{"count":1,"href":"https:\/\/www.caririemacao.com\/1\/wp-json\/wp\/v2\/posts\/106907\/revisions"}],"predecessor-version":[{"id":106908,"href":"https:\/\/www.caririemacao.com\/1\/wp-json\/wp\/v2\/posts\/106907\/revisions\/106908"}],"wp:featuredmedia":[{"embeddable":true,"href":"https:\/\/www.caririemacao.com\/1\/wp-json\/wp\/v2\/media\/103567"}],"wp:attachment":[{"href":"https:\/\/www.caririemacao.com\/1\/wp-json\/wp\/v2\/media?parent=106907"}],"wp:term":[{"taxonomy":"category","embeddable":true,"href":"https:\/\/www.caririemacao.com\/1\/wp-json\/wp\/v2\/categories?post=106907"},{"taxonomy":"post_tag","embeddable":true,"href":"https:\/\/www.caririemacao.com\/1\/wp-json\/wp\/v2\/tags?post=106907"}],"curies":[{"name":"wp","href":"https:\/\/api.w.org\/{rel}","templated":true}]}}