{"id":106913,"date":"2019-07-26T14:34:24","date_gmt":"2019-07-26T17:34:24","guid":{"rendered":"http:\/\/www.caririemacao.com\/1\/?p=106913"},"modified":"2019-07-26T14:35:05","modified_gmt":"2019-07-26T17:35:05","slug":"video-prefeito-de-sume-destaca-acoes-realizadas-por-sua-gestao-fala-sobre-politica-e-comenta-sucesso-do-sao-joao-2019","status":"publish","type":"post","link":"https:\/\/www.caririemacao.com\/1\/2019\/07\/26\/video-prefeito-de-sume-destaca-acoes-realizadas-por-sua-gestao-fala-sobre-politica-e-comenta-sucesso-do-sao-joao-2019\/","title":{"rendered":"V\u00eddeo: prefeito de Sum\u00e9 destaca a\u00e7\u00f5es realizadas por sua gest\u00e3o, fala sobre pol\u00edtica e comenta sucesso do S\u00e3o Jo\u00e3o 2019"},"content":{"rendered":"\n<p>Em entrevista ao&nbsp;<strong>Blog do Bruno Lira<\/strong>, o prefeito de Sum\u00e9, Ed\u00e9n Duarte, fez uma explana\u00e7\u00e3o das principais a\u00e7\u00f5es de sua gest\u00e3o, destacou o sucesso do S\u00e3o Jo\u00e3o 2019 e expressou que sua reelei\u00e7\u00e3o \u00e9 algo natural.<\/p>\n\n\n\n<p><strong>Veja entrevista completa:<\/strong><\/p>\n\n\n\n<figure><iframe data-src=\"http:\/\/www.youtube.com\/embed\/bKqnEaXVvLA?version=3&amp;rel=1&amp;fs=1&amp;autohide=2&amp;showsearch=0&amp;showinfo=1&amp;iv_load_policy=1&amp;wmode=transparent\" allowfullscreen=\"true\" src=\"data:image\/svg+xml;base64,PHN2ZyB3aWR0aD0iMSIgaGVpZ2h0PSIxIiB4bWxucz0iaHR0cDovL3d3dy53My5vcmcvMjAwMC9zdmciPjwvc3ZnPg==\" class=\"lazyload\" data-load-mode=\"1\"><\/iframe><\/figure>\n","protected":false},"excerpt":{"rendered":"<p>Em entrevista ao&nbsp;Blog do Bruno Lira, o prefeito de Sum\u00e9, Ed\u00e9n Duarte, fez uma explana\u00e7\u00e3o das principais a\u00e7\u00f5es de sua gest\u00e3o, destacou o sucesso do&hellip; <\/p>\n","protected":false},"author":1,"featured_media":37102,"comment_status":"closed","ping_status":"closed","sticky":false,"template":"","format":"standard","meta":{"sfsi_plus_gutenberg_text_before_share":"","sfsi_plus_gutenberg_show_text_before_share":"","sfsi_plus_gutenberg_icon_type":"","sfsi_plus_gutenberg_icon_alignemt":"","sfsi_plus_gutenburg_max_per_row":"","footnotes":""},"categories":[50,11],"tags":[],"class_list":["post-106913","post","type-post","status-publish","format-standard","has-post-thumbnail","hentry","category-destaque","category-politica"],"_links":{"self":[{"href":"https:\/\/www.caririemacao.com\/1\/wp-json\/wp\/v2\/posts\/106913","targetHints":{"allow":["GET"]}}],"collection":[{"href":"https:\/\/www.caririemacao.com\/1\/wp-json\/wp\/v2\/posts"}],"about":[{"href":"https:\/\/www.caririemacao.com\/1\/wp-json\/wp\/v2\/types\/post"}],"author":[{"embeddable":true,"href":"https:\/\/www.caririemacao.com\/1\/wp-json\/wp\/v2\/users\/1"}],"replies":[{"embeddable":true,"href":"https:\/\/www.caririemacao.com\/1\/wp-json\/wp\/v2\/comments?post=106913"}],"version-history":[{"count":1,"href":"https:\/\/www.caririemacao.com\/1\/wp-json\/wp\/v2\/posts\/106913\/revisions"}],"predecessor-version":[{"id":106914,"href":"https:\/\/www.caririemacao.com\/1\/wp-json\/wp\/v2\/posts\/106913\/revisions\/106914"}],"wp:featuredmedia":[{"embeddable":true,"href":"https:\/\/www.caririemacao.com\/1\/wp-json\/wp\/v2\/media\/37102"}],"wp:attachment":[{"href":"https:\/\/www.caririemacao.com\/1\/wp-json\/wp\/v2\/media?parent=106913"}],"wp:term":[{"taxonomy":"category","embeddable":true,"href":"https:\/\/www.caririemacao.com\/1\/wp-json\/wp\/v2\/categories?post=106913"},{"taxonomy":"post_tag","embeddable":true,"href":"https:\/\/www.caririemacao.com\/1\/wp-json\/wp\/v2\/tags?post=106913"}],"curies":[{"name":"wp","href":"https:\/\/api.w.org\/{rel}","templated":true}]}}