{"id":106923,"date":"2019-07-26T15:27:15","date_gmt":"2019-07-26T18:27:15","guid":{"rendered":"http:\/\/www.caririemacao.com\/1\/?p=106923"},"modified":"2019-07-26T15:27:15","modified_gmt":"2019-07-26T18:27:15","slug":"joao-azevedo-tem-encontro-com-governadores-do-nordeste-em-salvador","status":"publish","type":"post","link":"https:\/\/www.caririemacao.com\/1\/2019\/07\/26\/joao-azevedo-tem-encontro-com-governadores-do-nordeste-em-salvador\/","title":{"rendered":"Jo\u00e3o Azev\u00eado tem encontro com governadores do Nordeste, em Salvador"},"content":{"rendered":"\n<p>O governador da Para\u00edba, Jo\u00e3o Azev\u00eado, vai se reunir com outros governadores do Nordeste, em Salvador, na Bahia. O encontro acontece \u00e0s 9h da segunda-feira (29), no Centro Administrativo da Bahia, e ser\u00e3o tratados temas de interesse da regi\u00e3o e ser\u00e1 feito o planejamento do Cons\u00f3rcio Nordeste para os pr\u00f3ximos 12 meses.<\/p>\n\n\n\n<p>Haver\u00e1 uma coletiva de imprensa, no final da reuni\u00e3o, com o an\u00fancio de medidas tomadas pelo grupo de governadores.<\/p>\n","protected":false},"excerpt":{"rendered":"<p>O governador da Para\u00edba, Jo\u00e3o Azev\u00eado, vai se reunir com outros governadores do Nordeste, em Salvador, na Bahia. O encontro acontece \u00e0s 9h da segunda-feira&hellip; <\/p>\n","protected":false},"author":1,"featured_media":101143,"comment_status":"closed","ping_status":"closed","sticky":false,"template":"","format":"standard","meta":{"sfsi_plus_gutenberg_text_before_share":"","sfsi_plus_gutenberg_show_text_before_share":"","sfsi_plus_gutenberg_icon_type":"","sfsi_plus_gutenberg_icon_alignemt":"","sfsi_plus_gutenburg_max_per_row":"","footnotes":""},"categories":[11],"tags":[],"class_list":["post-106923","post","type-post","status-publish","format-standard","has-post-thumbnail","hentry","category-politica"],"_links":{"self":[{"href":"https:\/\/www.caririemacao.com\/1\/wp-json\/wp\/v2\/posts\/106923","targetHints":{"allow":["GET"]}}],"collection":[{"href":"https:\/\/www.caririemacao.com\/1\/wp-json\/wp\/v2\/posts"}],"about":[{"href":"https:\/\/www.caririemacao.com\/1\/wp-json\/wp\/v2\/types\/post"}],"author":[{"embeddable":true,"href":"https:\/\/www.caririemacao.com\/1\/wp-json\/wp\/v2\/users\/1"}],"replies":[{"embeddable":true,"href":"https:\/\/www.caririemacao.com\/1\/wp-json\/wp\/v2\/comments?post=106923"}],"version-history":[{"count":1,"href":"https:\/\/www.caririemacao.com\/1\/wp-json\/wp\/v2\/posts\/106923\/revisions"}],"predecessor-version":[{"id":106924,"href":"https:\/\/www.caririemacao.com\/1\/wp-json\/wp\/v2\/posts\/106923\/revisions\/106924"}],"wp:featuredmedia":[{"embeddable":true,"href":"https:\/\/www.caririemacao.com\/1\/wp-json\/wp\/v2\/media\/101143"}],"wp:attachment":[{"href":"https:\/\/www.caririemacao.com\/1\/wp-json\/wp\/v2\/media?parent=106923"}],"wp:term":[{"taxonomy":"category","embeddable":true,"href":"https:\/\/www.caririemacao.com\/1\/wp-json\/wp\/v2\/categories?post=106923"},{"taxonomy":"post_tag","embeddable":true,"href":"https:\/\/www.caririemacao.com\/1\/wp-json\/wp\/v2\/tags?post=106923"}],"curies":[{"name":"wp","href":"https:\/\/api.w.org\/{rel}","templated":true}]}}