{"id":106928,"date":"2019-07-26T15:34:40","date_gmt":"2019-07-26T18:34:40","guid":{"rendered":"http:\/\/www.caririemacao.com\/1\/?p=106928"},"modified":"2019-07-26T15:34:40","modified_gmt":"2019-07-26T18:34:40","slug":"presidente-da-oab-diz-que-moro-e-um-chefe-de-quadrilha","status":"publish","type":"post","link":"https:\/\/www.caririemacao.com\/1\/2019\/07\/26\/presidente-da-oab-diz-que-moro-e-um-chefe-de-quadrilha\/","title":{"rendered":"Presidente da OAB diz que Moro \u00e9 um chefe de quadrilha"},"content":{"rendered":"\n<p>&nbsp;presidente da Ordem dos Advogados do Brasil (OAB), Felipe Santa Cruz, afirmou que o ministro da Justi\u00e7a, S\u00e9rgio Moro, atua como \u201cchefe de quadrilha ao dizer que sabe das conversas de autoridades que n\u00e3o s\u00e3o investigadas\u201d. Rea\u00e7\u00e3o de Felipe Santa Cruz veio na esteira da revela\u00e7\u00e3o de que Moro telefonou para autoridades que teriam alvo dos supostos hackers presos pela Pol\u00edcia Federal esta semana e informou que as mensagens obtidas seriam destru\u00eddas para que a privacidade delas fosse preservada.&nbsp;&nbsp;<\/p>\n\n\n\n<p>&#8220;Usa o cargo, aniquila a independ\u00eancia da Pol\u00edcia Federal e ainda banca o chefe de quadrilha ao dizer que sabe das conversas de autoridades que n\u00e3o s\u00e3o investigadas&#8221;, disse Santa Cruz, segundo a coluna da jornalista M\u00f4nica Bergamo. Moro teria conversado sobre o assunto com o presidente Jair Bolsonaro, com o presidente do Supremo Tribunal Federal, Dias Toffoli, al\u00e9m dos presidentes da C\u00e2mara e do Senado, Rodrigo Maia e Davi Alcolumbre, respectivamente.&nbsp;<\/p>\n\n\n\n<p>A OAB j\u00e1 havia recomendado que Moro se afastasse do cargo assim que o site The Intercept divulgou mensagens trocadas por integrantes da Lava Jato que revelaram o conluio existente na opera\u00e7\u00e3o para que fosse feita uma &#8220;investiga\u00e7\u00e3o plena, imparcial e isenta&#8221;.<\/p>\n\n\n\n<p>&#8220;Muitos disseram que a OAB foi a\u00e7odada quando sugeriu o afastamento do ministro, exata e exclusivamente para a preserva\u00e7\u00e3o das investiga\u00e7\u00f5es&#8221;, completou o presidente da OAB.&nbsp;<\/p>\n","protected":false},"excerpt":{"rendered":"<p>&nbsp;presidente da Ordem dos Advogados do Brasil (OAB), Felipe Santa Cruz, afirmou que o ministro da Justi\u00e7a, S\u00e9rgio Moro, atua como \u201cchefe de quadrilha ao&hellip; <\/p>\n","protected":false},"author":1,"featured_media":106929,"comment_status":"closed","ping_status":"closed","sticky":false,"template":"","format":"standard","meta":{"sfsi_plus_gutenberg_text_before_share":"","sfsi_plus_gutenberg_show_text_before_share":"","sfsi_plus_gutenberg_icon_type":"","sfsi_plus_gutenberg_icon_alignemt":"","sfsi_plus_gutenburg_max_per_row":"","footnotes":""},"categories":[11],"tags":[],"class_list":["post-106928","post","type-post","status-publish","format-standard","has-post-thumbnail","hentry","category-politica"],"_links":{"self":[{"href":"https:\/\/www.caririemacao.com\/1\/wp-json\/wp\/v2\/posts\/106928","targetHints":{"allow":["GET"]}}],"collection":[{"href":"https:\/\/www.caririemacao.com\/1\/wp-json\/wp\/v2\/posts"}],"about":[{"href":"https:\/\/www.caririemacao.com\/1\/wp-json\/wp\/v2\/types\/post"}],"author":[{"embeddable":true,"href":"https:\/\/www.caririemacao.com\/1\/wp-json\/wp\/v2\/users\/1"}],"replies":[{"embeddable":true,"href":"https:\/\/www.caririemacao.com\/1\/wp-json\/wp\/v2\/comments?post=106928"}],"version-history":[{"count":1,"href":"https:\/\/www.caririemacao.com\/1\/wp-json\/wp\/v2\/posts\/106928\/revisions"}],"predecessor-version":[{"id":106930,"href":"https:\/\/www.caririemacao.com\/1\/wp-json\/wp\/v2\/posts\/106928\/revisions\/106930"}],"wp:featuredmedia":[{"embeddable":true,"href":"https:\/\/www.caririemacao.com\/1\/wp-json\/wp\/v2\/media\/106929"}],"wp:attachment":[{"href":"https:\/\/www.caririemacao.com\/1\/wp-json\/wp\/v2\/media?parent=106928"}],"wp:term":[{"taxonomy":"category","embeddable":true,"href":"https:\/\/www.caririemacao.com\/1\/wp-json\/wp\/v2\/categories?post=106928"},{"taxonomy":"post_tag","embeddable":true,"href":"https:\/\/www.caririemacao.com\/1\/wp-json\/wp\/v2\/tags?post=106928"}],"curies":[{"name":"wp","href":"https:\/\/api.w.org\/{rel}","templated":true}]}}