{"id":106934,"date":"2019-07-26T16:14:17","date_gmt":"2019-07-26T19:14:17","guid":{"rendered":"http:\/\/www.caririemacao.com\/1\/?p=106934"},"modified":"2019-07-26T16:15:41","modified_gmt":"2019-07-26T19:15:41","slug":"policia-militar-prende-fugitivo-do-presidio-canhotinho-no-centro-de-sume","status":"publish","type":"post","link":"https:\/\/www.caririemacao.com\/1\/2019\/07\/26\/policia-militar-prende-fugitivo-do-presidio-canhotinho-no-centro-de-sume\/","title":{"rendered":"Pol\u00edcia Militar prende fugitivo do pres\u00eddio canhotinho no centro de Sum\u00e9."},"content":{"rendered":"\n<p>Um den\u00fancia an\u00f4nima de uma moradora pr\u00f3xima da entrada na Avenida Newton Leite Rafael que d\u00e1 acesso ao corredor que liga ao bairro da V\u00e1rzea Redonda em Sum\u00e9, por volta das 20:30h desta quinta \u2013feira (25 ), resultou em uma pris\u00e3o de um elemento foragido do pres\u00eddio de Canhotinho \u2013Pe.<\/p>\n\n\n\n<p>Manoel Lima Bezerra de 25 anos, natural de Tabira-Pe estava armado de um rev\u00f3lver 38 com quatro muni\u00e7\u00f5es sendo uma pinada e tr\u00eas intactas.<\/p>\n\n\n\n<p>A Pol\u00edcia Militar de Sum\u00e9 atrav\u00e9s do Sargento Henrique e o Cabo W. Souza ap\u00f3s receberem a informa\u00e7\u00e3o foram em busca do elemento em atitude suspeita que j\u00e1 tinha sa\u00eddo pr\u00f3ximo a uma padaria e indo em dire\u00e7\u00e3o ao centro da cidade de Sum\u00e9, quando nas imedia\u00e7\u00f5es de uma loja de motos foi abordado pelos Policiais.<\/p>\n\n\n\n<p>Manoel Lima n\u00e3o reagiu \u00e0 pris\u00e3o e foi preso em flagrante por porte de arma e por ter quebrado as regras do pres\u00eddio de Canhotinho, onde ele cumpria pena por assalto h\u00e1 um ano e oito meses e teria sido liberado ap\u00f3s o uso de tornozeleira eletr\u00f4nica. <\/p>\n\n\n\n<p>Manoel Lima foi levado a cidade de Monteiro onde foi ouvido pelo Delegado de plant\u00e3o.<\/p>\n\n\n\n<p>R\u00e1dio Cidade Sum\u00e9 <\/p>\n\n\n\n<h1 class=\"wp-block-heading\"><\/h1>\n\n\n\n<h1 class=\"wp-block-heading\"><\/h1>\n","protected":false},"excerpt":{"rendered":"<p>Um den\u00fancia an\u00f4nima de uma moradora pr\u00f3xima da entrada na Avenida Newton Leite Rafael que d\u00e1 acesso ao corredor que liga ao bairro da V\u00e1rzea&hellip; <\/p>\n","protected":false},"author":1,"featured_media":18430,"comment_status":"closed","ping_status":"closed","sticky":false,"template":"","format":"standard","meta":{"sfsi_plus_gutenberg_text_before_share":"","sfsi_plus_gutenberg_show_text_before_share":"","sfsi_plus_gutenberg_icon_type":"","sfsi_plus_gutenberg_icon_alignemt":"","sfsi_plus_gutenburg_max_per_row":"","footnotes":""},"categories":[50,12],"tags":[],"class_list":["post-106934","post","type-post","status-publish","format-standard","has-post-thumbnail","hentry","category-destaque","category-policia"],"_links":{"self":[{"href":"https:\/\/www.caririemacao.com\/1\/wp-json\/wp\/v2\/posts\/106934","targetHints":{"allow":["GET"]}}],"collection":[{"href":"https:\/\/www.caririemacao.com\/1\/wp-json\/wp\/v2\/posts"}],"about":[{"href":"https:\/\/www.caririemacao.com\/1\/wp-json\/wp\/v2\/types\/post"}],"author":[{"embeddable":true,"href":"https:\/\/www.caririemacao.com\/1\/wp-json\/wp\/v2\/users\/1"}],"replies":[{"embeddable":true,"href":"https:\/\/www.caririemacao.com\/1\/wp-json\/wp\/v2\/comments?post=106934"}],"version-history":[{"count":2,"href":"https:\/\/www.caririemacao.com\/1\/wp-json\/wp\/v2\/posts\/106934\/revisions"}],"predecessor-version":[{"id":106939,"href":"https:\/\/www.caririemacao.com\/1\/wp-json\/wp\/v2\/posts\/106934\/revisions\/106939"}],"wp:featuredmedia":[{"embeddable":true,"href":"https:\/\/www.caririemacao.com\/1\/wp-json\/wp\/v2\/media\/18430"}],"wp:attachment":[{"href":"https:\/\/www.caririemacao.com\/1\/wp-json\/wp\/v2\/media?parent=106934"}],"wp:term":[{"taxonomy":"category","embeddable":true,"href":"https:\/\/www.caririemacao.com\/1\/wp-json\/wp\/v2\/categories?post=106934"},{"taxonomy":"post_tag","embeddable":true,"href":"https:\/\/www.caririemacao.com\/1\/wp-json\/wp\/v2\/tags?post=106934"}],"curies":[{"name":"wp","href":"https:\/\/api.w.org\/{rel}","templated":true}]}}