{"id":106944,"date":"2019-07-27T07:37:03","date_gmt":"2019-07-27T10:37:03","guid":{"rendered":"http:\/\/www.caririemacao.com\/1\/?p=106944"},"modified":"2019-07-27T07:37:03","modified_gmt":"2019-07-27T10:37:03","slug":"sao-sebastiao-do-umbuzeiro-realiza-4-trilha-100-destino-neste-domingo-28","status":"publish","type":"post","link":"https:\/\/www.caririemacao.com\/1\/2019\/07\/27\/sao-sebastiao-do-umbuzeiro-realiza-4-trilha-100-destino-neste-domingo-28\/","title":{"rendered":"S\u00e3o Sebasti\u00e3o do Umbuzeiro realiza 4\u00b0 Trilha 100 Destino neste domingo (28)"},"content":{"rendered":"\n<p>O munic\u00edpio de S\u00e3o Sebasti\u00e3o do Umbuzeiro ser\u00e1 palco de um dos maiores eventos de trilha da Para\u00edba. A 4\u00b0 Trilha 100 Destino acontece neste domingo, dia 28, e reunir\u00e1 trilheiros de v\u00e1rios lugares.<\/p>\n\n\n\n<p>A largada est\u00e1 prevista para acontecer as 10hs, com concentra\u00e7\u00e3o na Pra\u00e7a de Eventos da cidade. O Kit para participar da trilha custa R$ 50,00, com direito a camisa, caf\u00e9 da manh\u00e3, pontos de hidrata\u00e7\u00e3o, almo\u00e7o, trof\u00e9u e sorteio de brindes, sendo um deles, um sorteio de uma moto.<\/p>\n\n\n\n<p>A festa ser\u00e1 animada pelo Pared\u00e3o da Uva, durante todo o dia na Pra\u00e7a de Eventos.<\/p>\n\n\n\n<p>O evento conta com a realiza\u00e7\u00e3o da Prefeitura Municipal de&nbsp;<strong>S\u00e3o Sebasti\u00e3o do Umbuzeiro<\/strong>&nbsp;e da equipe 100 Destino.<\/p>\n","protected":false},"excerpt":{"rendered":"<p>O munic\u00edpio de S\u00e3o Sebasti\u00e3o do Umbuzeiro ser\u00e1 palco de um dos maiores eventos de trilha da Para\u00edba. A 4\u00b0 Trilha 100 Destino acontece neste&hellip; <\/p>\n","protected":false},"author":1,"featured_media":106945,"comment_status":"closed","ping_status":"closed","sticky":false,"template":"","format":"standard","meta":{"sfsi_plus_gutenberg_text_before_share":"","sfsi_plus_gutenberg_show_text_before_share":"","sfsi_plus_gutenberg_icon_type":"","sfsi_plus_gutenberg_icon_alignemt":"","sfsi_plus_gutenburg_max_per_row":"","footnotes":""},"categories":[6,50],"tags":[],"class_list":["post-106944","post","type-post","status-publish","format-standard","has-post-thumbnail","hentry","category-cidades","category-destaque"],"_links":{"self":[{"href":"https:\/\/www.caririemacao.com\/1\/wp-json\/wp\/v2\/posts\/106944","targetHints":{"allow":["GET"]}}],"collection":[{"href":"https:\/\/www.caririemacao.com\/1\/wp-json\/wp\/v2\/posts"}],"about":[{"href":"https:\/\/www.caririemacao.com\/1\/wp-json\/wp\/v2\/types\/post"}],"author":[{"embeddable":true,"href":"https:\/\/www.caririemacao.com\/1\/wp-json\/wp\/v2\/users\/1"}],"replies":[{"embeddable":true,"href":"https:\/\/www.caririemacao.com\/1\/wp-json\/wp\/v2\/comments?post=106944"}],"version-history":[{"count":1,"href":"https:\/\/www.caririemacao.com\/1\/wp-json\/wp\/v2\/posts\/106944\/revisions"}],"predecessor-version":[{"id":106946,"href":"https:\/\/www.caririemacao.com\/1\/wp-json\/wp\/v2\/posts\/106944\/revisions\/106946"}],"wp:featuredmedia":[{"embeddable":true,"href":"https:\/\/www.caririemacao.com\/1\/wp-json\/wp\/v2\/media\/106945"}],"wp:attachment":[{"href":"https:\/\/www.caririemacao.com\/1\/wp-json\/wp\/v2\/media?parent=106944"}],"wp:term":[{"taxonomy":"category","embeddable":true,"href":"https:\/\/www.caririemacao.com\/1\/wp-json\/wp\/v2\/categories?post=106944"},{"taxonomy":"post_tag","embeddable":true,"href":"https:\/\/www.caririemacao.com\/1\/wp-json\/wp\/v2\/tags?post=106944"}],"curies":[{"name":"wp","href":"https:\/\/api.w.org\/{rel}","templated":true}]}}