{"id":106950,"date":"2019-07-27T07:40:22","date_gmt":"2019-07-27T10:40:22","guid":{"rendered":"http:\/\/www.caririemacao.com\/1\/?p=106950"},"modified":"2019-07-27T07:40:22","modified_gmt":"2019-07-27T10:40:22","slug":"mp-abre-inquerito-para-investigar-extracao-ilegal-de-areia-do-leito-do-rio-paraiba","status":"publish","type":"post","link":"https:\/\/www.caririemacao.com\/1\/2019\/07\/27\/mp-abre-inquerito-para-investigar-extracao-ilegal-de-areia-do-leito-do-rio-paraiba\/","title":{"rendered":"MP abre inqu\u00e9rito para investigar extra\u00e7\u00e3o ilegal de areia do leito do Rio Para\u00edba"},"content":{"rendered":"\n<p>Um inqu\u00e9rito civil foi instaurado pelo Minist\u00e9rio P\u00fablico da Para\u00edba nesta quinta-feira (25) para investigar a den\u00fancia de degrada\u00e7\u00e3o ambiental na retirada ilegal no leito do rio Para\u00edba nas cidades de Pilar e Itabaiana, no interior da Para\u00edba. Uma\u00a0den\u00fancia semelhante registrada junto ao Minist\u00e9rio P\u00fablico Federal (MPF) em mar\u00e7o\u00a0deste ano tamb\u00e9m resultou em um inqu\u00e9rito civil de extra\u00e7\u00e3o ilegal de areia no leito do rio Para\u00edba em Pilar.<\/p>\n\n\n\n<p>De acordo com o MP, a extra\u00e7\u00e3o da areia n\u00e3o est\u00e1 obedecendo as regulamenta\u00e7\u00f5es vigentes e o trabalho n\u00e3o tem sido fiscalizado adequadamente pelos respons\u00e1veis para coibir a pr\u00e1tica.<\/p>\n\n\n\n<p>Ainda de acordo com a abertura do procedimento, foi expedido of\u00edcio \u00e0 Superintend\u00eancia de Administra\u00e7\u00e3o do Meio Ambiente requisitando informa\u00e7\u00f5es sobre quais as medidas tomadas para coibir a extra\u00e7\u00e3o ilegal.<\/p>\n\n\n\n<p>A abertura do inqu\u00e9rito se d\u00e1, de acordo com o promotor de justi\u00e7a Jos\u00e9 Farias de Souza Filho para que novas dilig\u00eancias sejam feitas e os fatos denunciados ao Minist\u00e9rio P\u00fablico sejam apurados.<\/p>\n","protected":false},"excerpt":{"rendered":"<p>Um inqu\u00e9rito civil foi instaurado pelo Minist\u00e9rio P\u00fablico da Para\u00edba nesta quinta-feira (25) para investigar a den\u00fancia de degrada\u00e7\u00e3o ambiental na retirada ilegal no leito&hellip; <\/p>\n","protected":false},"author":1,"featured_media":58429,"comment_status":"closed","ping_status":"closed","sticky":false,"template":"","format":"standard","meta":{"sfsi_plus_gutenberg_text_before_share":"","sfsi_plus_gutenberg_show_text_before_share":"","sfsi_plus_gutenberg_icon_type":"","sfsi_plus_gutenberg_icon_alignemt":"","sfsi_plus_gutenburg_max_per_row":"","footnotes":""},"categories":[2],"tags":[],"class_list":["post-106950","post","type-post","status-publish","format-standard","has-post-thumbnail","hentry","category-geral"],"_links":{"self":[{"href":"https:\/\/www.caririemacao.com\/1\/wp-json\/wp\/v2\/posts\/106950","targetHints":{"allow":["GET"]}}],"collection":[{"href":"https:\/\/www.caririemacao.com\/1\/wp-json\/wp\/v2\/posts"}],"about":[{"href":"https:\/\/www.caririemacao.com\/1\/wp-json\/wp\/v2\/types\/post"}],"author":[{"embeddable":true,"href":"https:\/\/www.caririemacao.com\/1\/wp-json\/wp\/v2\/users\/1"}],"replies":[{"embeddable":true,"href":"https:\/\/www.caririemacao.com\/1\/wp-json\/wp\/v2\/comments?post=106950"}],"version-history":[{"count":1,"href":"https:\/\/www.caririemacao.com\/1\/wp-json\/wp\/v2\/posts\/106950\/revisions"}],"predecessor-version":[{"id":106951,"href":"https:\/\/www.caririemacao.com\/1\/wp-json\/wp\/v2\/posts\/106950\/revisions\/106951"}],"wp:featuredmedia":[{"embeddable":true,"href":"https:\/\/www.caririemacao.com\/1\/wp-json\/wp\/v2\/media\/58429"}],"wp:attachment":[{"href":"https:\/\/www.caririemacao.com\/1\/wp-json\/wp\/v2\/media?parent=106950"}],"wp:term":[{"taxonomy":"category","embeddable":true,"href":"https:\/\/www.caririemacao.com\/1\/wp-json\/wp\/v2\/categories?post=106950"},{"taxonomy":"post_tag","embeddable":true,"href":"https:\/\/www.caririemacao.com\/1\/wp-json\/wp\/v2\/tags?post=106950"}],"curies":[{"name":"wp","href":"https:\/\/api.w.org\/{rel}","templated":true}]}}