{"id":106961,"date":"2019-07-27T07:43:23","date_gmt":"2019-07-27T10:43:23","guid":{"rendered":"http:\/\/www.caririemacao.com\/1\/?p=106961"},"modified":"2019-07-27T07:43:23","modified_gmt":"2019-07-27T10:43:23","slug":"ministra-damares-justifica-abuso-de-meninas-por-falta-de-calcinhas","status":"publish","type":"post","link":"https:\/\/www.caririemacao.com\/1\/2019\/07\/27\/ministra-damares-justifica-abuso-de-meninas-por-falta-de-calcinhas\/","title":{"rendered":"Ministra Damares justifica abuso de meninas por falta de calcinhas"},"content":{"rendered":"\n<p>Acabou o jejum de declara\u00e7\u00f5es pol\u00eamicas de Damares Alves. Nesta quarta-feira 24, a ministra da Mulher, Fam\u00edlia e Direitos Humanos justificou o abuso sofrido pelas meninas da Ilha de Maraj\u00f3, no Par\u00e1, por falta de calcinhas. A declara\u00e7\u00e3o foi feita durante um evento no Pal\u00e1cio do Planalto, no qual a ministra&nbsp;mostrou os resultados do programa Abrace o Maraj\u00f3.<\/p>\n\n\n\n<p><em>\u201cEspecialistas chegaram a falar para n\u00f3s que as meninas l\u00e1 s\u00e3o exploradas porque elas n\u00e3o t\u00eam calcinhas, elas n\u00e3o usam calcinha porque s\u00e3o pobres\u201d,<\/em>&nbsp;disse a ministra ao comentar o alto \u00edndice de estupro na regi\u00e3o.<\/p>\n\n\n\n<p>O programa tem o intuito de combater a explora\u00e7\u00e3o sexual e viol\u00eancia contra crian\u00e7as, adolescentes, juventude, mulheres e pessoa idosa na\u00a0Ilha do Maraj\u00f3, arquip\u00e9lago paraense.<\/p>\n\n\n\n<p>A ministra disse que o minist\u00e9rio&nbsp;conseguiu muitas doa\u00e7\u00f5es de roupas \u00edntimas para mandar para a regi\u00e3o e ressaltou que a melhor forma de combater o crime seria levar f\u00e1bricas de calcinhas para l\u00e1 para dar emprego e produzir as pe\u00e7as a pre\u00e7o mais baixo.<\/p>\n\n\n\n<p>Damares tamb\u00e9m citou o alto n\u00famero de abusos da regi\u00e3o, do tr\u00e1fico sexual de crian\u00e7as e os incestos \u2013 sexo entre familiares. \u201cPedofilia e explora\u00e7\u00e3o n\u00e3o \u00e9 cultura. Eles pediram socorro e esse minist\u00e9rio ouviu\u201d, anunciou a ministra.<\/p>\n\n\n\n<figure class=\"wp-block-image\"><img decoding=\"async\" data-src=\"https:\/\/i.ytimg.com\/vi\/zKZg1BdZZ7w\/hqdefault.jpg\" alt=\"\" src=\"data:image\/svg+xml;base64,PHN2ZyB3aWR0aD0iMSIgaGVpZ2h0PSIxIiB4bWxucz0iaHR0cDovL3d3dy53My5vcmcvMjAwMC9zdmciPjwvc3ZnPg==\" class=\"lazyload\" \/><\/figure>\n\n\n\n<p><ins><br><\/ins><\/p>\n","protected":false},"excerpt":{"rendered":"<p>Acabou o jejum de declara\u00e7\u00f5es pol\u00eamicas de Damares Alves. Nesta quarta-feira 24, a ministra da Mulher, Fam\u00edlia e Direitos Humanos justificou o abuso sofrido pelas&hellip; <\/p>\n","protected":false},"author":1,"featured_media":106962,"comment_status":"closed","ping_status":"closed","sticky":false,"template":"","format":"standard","meta":{"sfsi_plus_gutenberg_text_before_share":"","sfsi_plus_gutenberg_show_text_before_share":"","sfsi_plus_gutenberg_icon_type":"","sfsi_plus_gutenberg_icon_alignemt":"","sfsi_plus_gutenburg_max_per_row":"","footnotes":""},"categories":[11],"tags":[],"class_list":["post-106961","post","type-post","status-publish","format-standard","has-post-thumbnail","hentry","category-politica"],"_links":{"self":[{"href":"https:\/\/www.caririemacao.com\/1\/wp-json\/wp\/v2\/posts\/106961","targetHints":{"allow":["GET"]}}],"collection":[{"href":"https:\/\/www.caririemacao.com\/1\/wp-json\/wp\/v2\/posts"}],"about":[{"href":"https:\/\/www.caririemacao.com\/1\/wp-json\/wp\/v2\/types\/post"}],"author":[{"embeddable":true,"href":"https:\/\/www.caririemacao.com\/1\/wp-json\/wp\/v2\/users\/1"}],"replies":[{"embeddable":true,"href":"https:\/\/www.caririemacao.com\/1\/wp-json\/wp\/v2\/comments?post=106961"}],"version-history":[{"count":1,"href":"https:\/\/www.caririemacao.com\/1\/wp-json\/wp\/v2\/posts\/106961\/revisions"}],"predecessor-version":[{"id":106963,"href":"https:\/\/www.caririemacao.com\/1\/wp-json\/wp\/v2\/posts\/106961\/revisions\/106963"}],"wp:featuredmedia":[{"embeddable":true,"href":"https:\/\/www.caririemacao.com\/1\/wp-json\/wp\/v2\/media\/106962"}],"wp:attachment":[{"href":"https:\/\/www.caririemacao.com\/1\/wp-json\/wp\/v2\/media?parent=106961"}],"wp:term":[{"taxonomy":"category","embeddable":true,"href":"https:\/\/www.caririemacao.com\/1\/wp-json\/wp\/v2\/categories?post=106961"},{"taxonomy":"post_tag","embeddable":true,"href":"https:\/\/www.caririemacao.com\/1\/wp-json\/wp\/v2\/tags?post=106961"}],"curies":[{"name":"wp","href":"https:\/\/api.w.org\/{rel}","templated":true}]}}