{"id":106967,"date":"2019-07-27T07:49:54","date_gmt":"2019-07-27T10:49:54","guid":{"rendered":"http:\/\/www.caririemacao.com\/1\/?p=106967"},"modified":"2019-07-27T07:49:54","modified_gmt":"2019-07-27T10:49:54","slug":"escandalo-prefeito-de-coxixola-torra-em-6-meses-quase-400-mil-em-festas-no-municipio","status":"publish","type":"post","link":"https:\/\/www.caririemacao.com\/1\/2019\/07\/27\/escandalo-prefeito-de-coxixola-torra-em-6-meses-quase-400-mil-em-festas-no-municipio\/","title":{"rendered":"Esc\u00e2ndalo: Prefeito de Coxixola torra em 6 meses quase 400 mil em Festas no munic\u00edpio"},"content":{"rendered":"\n<p>A pequena not\u00e1vel do cariri se destaca com o esc\u00e2ndalo envolvendo o prefeito Givaldo Limeira (DEM) que torrou quase 400 mil reais com festas bancadas pela prefeitura.&nbsp;A cidade campe\u00e3 em gastos, observando proporcionalmente aos valores empenhados de despesas pela prefeitura, \u00e9 pequena not\u00e1vel,&nbsp;<a href=\"https:\/\/www.portaltvcariri.com.br\/noticia\/coxixola\/\"><strong>Coxixola<\/strong><\/a>, no Cariri. A cidade tem apenas 1.907 habitantes, conforme o revelado pelo IBGE, e gastou R$ 383,1 mil com o pagamento das festividades.&nbsp;Isso representa 5,4% de todas as despesas da prefeitura comandada por Givaldo Limeira (DEM) no primeiro semestre. Os n\u00fameros ainda est\u00e3o sujeitos a altera\u00e7\u00f5es, j\u00e1 que alguns munic\u00edpios ainda n\u00e3o entregaram os balancetes. A cidade completa, neste ano, 25 anos de emancipa\u00e7\u00e3o pol\u00edtica.<\/p>\n\n\n\n<p>\u00a0O curioso \u00e9 que quando se faz a conta das despesas com o n\u00famero da popula\u00e7\u00e3o, em Coxixola, chega-se \u00e0 conclus\u00e3o de que daria para distribuir, a cada cidad\u00e3o, o valor de R$ 148. Outro ponto interessante \u00e9 o caso de Campina Grande. A cidade \u00e9 conhecida por promover o Maior s\u00e3o Jo\u00e3o do Mundo e gastou pouco, proporcionalmente falando. Foram R$ 3 milh\u00f5es, mas que, diante das despesas totais da cidade, representaram apenas 0,4%. Por isso, a cidade aparece apenas na posi\u00e7\u00e3o 85 do ranking. A lista n\u00e3o traz a cidade de Jo\u00e3o Pessoa. Um motivo prov\u00e1vel para isso \u00e9 a n\u00e3o comunica\u00e7\u00e3o, a tempo, dos gastos com festas por parte da prefeitura. \u00c9 o caso, por exemplo, de Jo\u00e3o Pessoa.<\/p>\n\n\n\n<p>TV Cariri <\/p>\n","protected":false},"excerpt":{"rendered":"<p>A pequena not\u00e1vel do cariri se destaca com o esc\u00e2ndalo envolvendo o prefeito Givaldo Limeira (DEM) que torrou quase 400 mil reais com festas bancadas&hellip; <\/p>\n","protected":false},"author":1,"featured_media":106968,"comment_status":"closed","ping_status":"closed","sticky":false,"template":"","format":"standard","meta":{"sfsi_plus_gutenberg_text_before_share":"","sfsi_plus_gutenberg_show_text_before_share":"","sfsi_plus_gutenberg_icon_type":"","sfsi_plus_gutenberg_icon_alignemt":"","sfsi_plus_gutenburg_max_per_row":"","footnotes":""},"categories":[50,2],"tags":[],"class_list":["post-106967","post","type-post","status-publish","format-standard","has-post-thumbnail","hentry","category-destaque","category-geral"],"_links":{"self":[{"href":"https:\/\/www.caririemacao.com\/1\/wp-json\/wp\/v2\/posts\/106967","targetHints":{"allow":["GET"]}}],"collection":[{"href":"https:\/\/www.caririemacao.com\/1\/wp-json\/wp\/v2\/posts"}],"about":[{"href":"https:\/\/www.caririemacao.com\/1\/wp-json\/wp\/v2\/types\/post"}],"author":[{"embeddable":true,"href":"https:\/\/www.caririemacao.com\/1\/wp-json\/wp\/v2\/users\/1"}],"replies":[{"embeddable":true,"href":"https:\/\/www.caririemacao.com\/1\/wp-json\/wp\/v2\/comments?post=106967"}],"version-history":[{"count":1,"href":"https:\/\/www.caririemacao.com\/1\/wp-json\/wp\/v2\/posts\/106967\/revisions"}],"predecessor-version":[{"id":106969,"href":"https:\/\/www.caririemacao.com\/1\/wp-json\/wp\/v2\/posts\/106967\/revisions\/106969"}],"wp:featuredmedia":[{"embeddable":true,"href":"https:\/\/www.caririemacao.com\/1\/wp-json\/wp\/v2\/media\/106968"}],"wp:attachment":[{"href":"https:\/\/www.caririemacao.com\/1\/wp-json\/wp\/v2\/media?parent=106967"}],"wp:term":[{"taxonomy":"category","embeddable":true,"href":"https:\/\/www.caririemacao.com\/1\/wp-json\/wp\/v2\/categories?post=106967"},{"taxonomy":"post_tag","embeddable":true,"href":"https:\/\/www.caririemacao.com\/1\/wp-json\/wp\/v2\/tags?post=106967"}],"curies":[{"name":"wp","href":"https:\/\/api.w.org\/{rel}","templated":true}]}}