{"id":106973,"date":"2019-07-27T07:54:48","date_gmt":"2019-07-27T10:54:48","guid":{"rendered":"http:\/\/www.caririemacao.com\/1\/?p=106973"},"modified":"2019-07-27T07:54:48","modified_gmt":"2019-07-27T10:54:48","slug":"prefeitura-de-sao-jose-dos-cordeiros-anuncia-a-banda-cavalo-de-pau-como-a-3a-atracao-do-xi-festival-do-mel","status":"publish","type":"post","link":"https:\/\/www.caririemacao.com\/1\/2019\/07\/27\/prefeitura-de-sao-jose-dos-cordeiros-anuncia-a-banda-cavalo-de-pau-como-a-3a-atracao-do-xi-festival-do-mel\/","title":{"rendered":"Prefeitura de S\u00e3o Jos\u00e9 dos Cordeiros anuncia a Banda Cavalo de Pau como a 3\u00aa atra\u00e7\u00e3o do XI Festival do Mel"},"content":{"rendered":"\n<p>Ap\u00f3s anunciar as atra\u00e7\u00f5es dos cantores(as) Solange Almeida e Pedrinho Pega\u00e7\u00e3o, a Prefeitura Municipal de S\u00e3o Jos\u00e9 dos Cordeiros anunciou nesta sexta-feira(26), a terceira atra\u00e7\u00e3o que estar\u00e1 animando o XI Festival do Mel.<\/p>\n\n\n\n<p>A &nbsp;3\u00aa atra\u00e7\u00e3o ser\u00e1 a grande banda forrozeira cearense Cavalo de Pau. Cavalo&nbsp;de Pau&nbsp;ou Forr\u00f3 Cavalo de Pau, como se costumam chamar, \u00e9 uma banda&nbsp;de&nbsp;forr\u00f3 das antigas, sendo uma das pioneiras do g\u00eanero junto com as bandas&nbsp;Mastruz com Leite , Mel Com Terra e Rabo de Saia.<\/p>\n\n\n\n<p>Atualmente, a banda ainda faz uma linha rom\u00e2ntica e traz em sua comiss\u00e3o de frente um trio de jovens vocalistas: Wanderson Ara\u00fajo, Eliane Fernandes e D\u00e9bora Lima, al\u00e9m dos m\u00fasicos que comp\u00f5e essa que \u00e9 uma das melhores bandas de forr\u00f3 da d\u00e9cada de 1990.<\/p>\n\n\n\n<p>As pr\u00f3ximas atra\u00e7\u00f5es ser\u00e3o anunciadas em breve pela Prefeitura Municipal de S\u00e3o Jos\u00e9 dos Cordeiros. O Festival do Mel \u00e9 considerado um dos maiores eventos tem\u00e1ticos da Para\u00edba e este ano deve atrair mais uma grande multid\u00e3o.<\/p>\n\n\n\n<p><strong>De Olho no Cariri<\/strong><\/p>\n","protected":false},"excerpt":{"rendered":"<p>Ap\u00f3s anunciar as atra\u00e7\u00f5es dos cantores(as) Solange Almeida e Pedrinho Pega\u00e7\u00e3o, a Prefeitura Municipal de S\u00e3o Jos\u00e9 dos Cordeiros anunciou nesta sexta-feira(26), a terceira atra\u00e7\u00e3o&hellip; <\/p>\n","protected":false},"author":1,"featured_media":106974,"comment_status":"closed","ping_status":"closed","sticky":false,"template":"","format":"standard","meta":{"sfsi_plus_gutenberg_text_before_share":"","sfsi_plus_gutenberg_show_text_before_share":"","sfsi_plus_gutenberg_icon_type":"","sfsi_plus_gutenberg_icon_alignemt":"","sfsi_plus_gutenburg_max_per_row":"","footnotes":""},"categories":[50,2],"tags":[],"class_list":["post-106973","post","type-post","status-publish","format-standard","has-post-thumbnail","hentry","category-destaque","category-geral"],"_links":{"self":[{"href":"https:\/\/www.caririemacao.com\/1\/wp-json\/wp\/v2\/posts\/106973","targetHints":{"allow":["GET"]}}],"collection":[{"href":"https:\/\/www.caririemacao.com\/1\/wp-json\/wp\/v2\/posts"}],"about":[{"href":"https:\/\/www.caririemacao.com\/1\/wp-json\/wp\/v2\/types\/post"}],"author":[{"embeddable":true,"href":"https:\/\/www.caririemacao.com\/1\/wp-json\/wp\/v2\/users\/1"}],"replies":[{"embeddable":true,"href":"https:\/\/www.caririemacao.com\/1\/wp-json\/wp\/v2\/comments?post=106973"}],"version-history":[{"count":1,"href":"https:\/\/www.caririemacao.com\/1\/wp-json\/wp\/v2\/posts\/106973\/revisions"}],"predecessor-version":[{"id":106975,"href":"https:\/\/www.caririemacao.com\/1\/wp-json\/wp\/v2\/posts\/106973\/revisions\/106975"}],"wp:featuredmedia":[{"embeddable":true,"href":"https:\/\/www.caririemacao.com\/1\/wp-json\/wp\/v2\/media\/106974"}],"wp:attachment":[{"href":"https:\/\/www.caririemacao.com\/1\/wp-json\/wp\/v2\/media?parent=106973"}],"wp:term":[{"taxonomy":"category","embeddable":true,"href":"https:\/\/www.caririemacao.com\/1\/wp-json\/wp\/v2\/categories?post=106973"},{"taxonomy":"post_tag","embeddable":true,"href":"https:\/\/www.caririemacao.com\/1\/wp-json\/wp\/v2\/tags?post=106973"}],"curies":[{"name":"wp","href":"https:\/\/api.w.org\/{rel}","templated":true}]}}