{"id":106987,"date":"2019-07-27T08:04:42","date_gmt":"2019-07-27T11:04:42","guid":{"rendered":"http:\/\/www.caririemacao.com\/1\/?p=106987"},"modified":"2019-07-27T08:04:42","modified_gmt":"2019-07-27T11:04:42","slug":"ministro-de-bolsonaro-governador-da-paraiba-tem-dois-discursos","status":"publish","type":"post","link":"https:\/\/www.caririemacao.com\/1\/2019\/07\/27\/ministro-de-bolsonaro-governador-da-paraiba-tem-dois-discursos\/","title":{"rendered":"Ministro de Bolsonaro: governador da Para\u00edba tem dois discursos"},"content":{"rendered":"\n<p>Ao endossar as recentes cr\u00edticas do presidente Jair Bolsonaro aos governadores do Maranh\u00e3o (Fl\u00e1vio Dino, do PCdoB) e da Para\u00edba (Jo\u00e3o Azev\u00eado, do PSB), o ministro-chefe da Casa Civil, Onyx Lorenzoni argumentou que ambos \u201cs\u00e3o muito agressivos com o governo e com o presidente, partindo at\u00e9 para o campo pessoal\u201d.<\/p>\n\n\n\n<p>\u2013 O discurso deles em Bras\u00edlia \u00e9 uma coisa, na base \u00e9 outra \u2013 acrescentou Onyx.<\/p>\n","protected":false},"excerpt":{"rendered":"<p>Ao endossar as recentes cr\u00edticas do presidente Jair Bolsonaro aos governadores do Maranh\u00e3o (Fl\u00e1vio Dino, do PCdoB) e da Para\u00edba (Jo\u00e3o Azev\u00eado, do PSB), o&hellip; <\/p>\n","protected":false},"author":1,"featured_media":106988,"comment_status":"closed","ping_status":"closed","sticky":false,"template":"","format":"standard","meta":{"sfsi_plus_gutenberg_text_before_share":"","sfsi_plus_gutenberg_show_text_before_share":"","sfsi_plus_gutenberg_icon_type":"","sfsi_plus_gutenberg_icon_alignemt":"","sfsi_plus_gutenburg_max_per_row":"","footnotes":""},"categories":[11],"tags":[],"class_list":["post-106987","post","type-post","status-publish","format-standard","has-post-thumbnail","hentry","category-politica"],"_links":{"self":[{"href":"https:\/\/www.caririemacao.com\/1\/wp-json\/wp\/v2\/posts\/106987","targetHints":{"allow":["GET"]}}],"collection":[{"href":"https:\/\/www.caririemacao.com\/1\/wp-json\/wp\/v2\/posts"}],"about":[{"href":"https:\/\/www.caririemacao.com\/1\/wp-json\/wp\/v2\/types\/post"}],"author":[{"embeddable":true,"href":"https:\/\/www.caririemacao.com\/1\/wp-json\/wp\/v2\/users\/1"}],"replies":[{"embeddable":true,"href":"https:\/\/www.caririemacao.com\/1\/wp-json\/wp\/v2\/comments?post=106987"}],"version-history":[{"count":1,"href":"https:\/\/www.caririemacao.com\/1\/wp-json\/wp\/v2\/posts\/106987\/revisions"}],"predecessor-version":[{"id":106989,"href":"https:\/\/www.caririemacao.com\/1\/wp-json\/wp\/v2\/posts\/106987\/revisions\/106989"}],"wp:featuredmedia":[{"embeddable":true,"href":"https:\/\/www.caririemacao.com\/1\/wp-json\/wp\/v2\/media\/106988"}],"wp:attachment":[{"href":"https:\/\/www.caririemacao.com\/1\/wp-json\/wp\/v2\/media?parent=106987"}],"wp:term":[{"taxonomy":"category","embeddable":true,"href":"https:\/\/www.caririemacao.com\/1\/wp-json\/wp\/v2\/categories?post=106987"},{"taxonomy":"post_tag","embeddable":true,"href":"https:\/\/www.caririemacao.com\/1\/wp-json\/wp\/v2\/tags?post=106987"}],"curies":[{"name":"wp","href":"https:\/\/api.w.org\/{rel}","templated":true}]}}